{"id":13931,"date":"2025-11-02T17:19:14","date_gmt":"2025-11-02T20:19:14","guid":{"rendered":"https:\/\/lalupa24.com.ar\/?p=13931"},"modified":"2025-11-02T17:19:15","modified_gmt":"2025-11-02T20:19:15","slug":"macri-cuestiona-la-salida-de-francos-y-critica-a-adorni-las-disputas-internas-y-la-ruptura-en-diputados-tensan-la-relacion-con-milei","status":"publish","type":"post","link":"https:\/\/lalupa24.com.ar\/index.php\/2025\/11\/02\/macri-cuestiona-la-salida-de-francos-y-critica-a-adorni-las-disputas-internas-y-la-ruptura-en-diputados-tensan-la-relacion-con-milei\/","title":{"rendered":"MACRI CUESTIONA LA SALIDA DE FRANCOS Y CRITICA A ADORNI: LAS DISPUTAS INTERNAS Y LA RUPTURA EN DIPUTADOS TENSAN LA RELACI\u00d3N CON MILEI"},"content":{"rendered":"\n<p>El expresidente Mauricio Macri gener\u00f3 un sismo pol\u00edtico al expresar p\u00fablicamente su preocupaci\u00f3n por la salida de Guillermo Francos de la Jefatura de Gabinete y la posterior designaci\u00f3n de Manuel Adorni. Tras una reuni\u00f3n privada con Javier Milei en Olivos, Macri utiliz\u00f3 sus redes sociales para se\u00f1alar que el reemplazo &#8220;no parece ser una buena noticia&#8221;, en una cr\u00edtica frontal que expone la primera gran fisura estrat\u00e9gica en el <em>t\u00e1ndem<\/em> pol\u00edtico que respalda al gobierno tras la reciente ratificaci\u00f3n electoral. El disenso se centra en la idoneidad gerencial para coordinar la segunda etapa de gesti\u00f3n, clave para el programa de reformas.<\/p>\n\n\n\n<p>Macri no escatim\u00f3 elogios para el exjefe de Gabinete, a quien calific\u00f3 como un hombre &#8220;con capacidad y equilibrio&#8221; y un representante de la &#8220;sensatez&#8221; ante la ciudadan\u00eda. Sin embargo, su mensaje revel\u00f3 el fondo del desacuerdo con el primer mandatario. El expresidente confes\u00f3 que la reuni\u00f3n ten\u00eda como objetivo &#8220;pensar la mejor manera de reforzar los equipos&#8221;, pero concluy\u00f3 que &#8220;no logramos ponernos de acuerdo&#8221;, lo que indica una divergencia de criterios en torno a la estrategia de conformaci\u00f3n de un <em>gabinete<\/em> con mayor peso pol\u00edtico y capacidad ejecutiva para lo que resta del mandato.<\/p>\n\n\n\n<p>La cr\u00edtica m\u00e1s incisiva recay\u00f3 sobre el nombramiento de Adorni, a quien Macri se\u00f1al\u00f3 por su presunta &#8220;falta de experiencia&#8221; para un puesto que requiere una coordinaci\u00f3n pol\u00edtica y de gesti\u00f3n de alto nivel. Para contrastar esta decisi\u00f3n, el exmandatario sugiri\u00f3 que la posici\u00f3n hubiera sido mejor ocupada por perfiles con experiencia probada en la conducci\u00f3n de equipos, se\u00f1alando impl\u00edcitamente a figuras como Horacio Mar\u00edn, actual titular de YPF, como un ejemplo de la experiencia ejecutiva que se necesita. Esta observaci\u00f3n posiciona la queja de Macri como una advertencia sobre la filosof\u00eda de gesti\u00f3n y la necesidad de <em>expertise<\/em> funcional en \u00e1reas cr\u00edticas.<\/p>\n\n\n\n<p>El cuestionamiento de Macri no se limit\u00f3 a los nombres, sino que tambi\u00e9n apunt\u00f3 a las &#8220;conocidas disputas internas del gobierno&#8221;, asegurando que persisten conflictos en el oficialismo que no han sido resueltos y que son fundamentales para la hoja de ruta a seguir. Esta tensi\u00f3n se ve amplificada por la ruptura del bloque PRO en la C\u00e1mara de Diputados, donde legisladores leales a Patricia Bullrich anunciaron su salida, debilitando la estructura parlamentaria de apoyo a la administraci\u00f3n y evidenciando una fragmentaci\u00f3n que el expresidente no logra contener, adem\u00e1s de la previa fricci\u00f3n generada por la idea de lanzar un candidato propio del PRO para 2027.<\/p>\n\n\n\n<p>Analistas pol\u00edticos se\u00f1alan que el pronunciamiento p\u00fablico de Macri, lejos de ser un simple consejo, funciona como una palanca de presi\u00f3n para que el presidente Milei consolide un equipo m\u00e1s s\u00f3lido y con mayor capacidad de di\u00e1logo efectivo, en l\u00ednea con el reclamo expresado en paralelo por gobernadores provinciales. El mensaje subraya el delicado equilibrio de la alianza de centroderecha y la lucha por el control e influencia sobre la estrategia de la gesti\u00f3n, particularmente en un momento en que se requiere alta cintura pol\u00edtica para impulsar las reformas legislativas pendientes en el Congreso.<\/p>\n\n\n\n<p>En este contexto, la salida de Francos y la cr\u00edtica de su principal aliado obligan a la Casa Rosada a demostrar con celeridad que la nueva Jefatura de Gabinete cuenta con la autonom\u00eda pol\u00edtica y la capacidad gerencial necesaria para superar los problemas de coordinaci\u00f3n y las &#8220;disputas internas&#8221; se\u00f1aladas. El \u00e9xito de la pr\u00f3xima fase depender\u00e1 de la habilidad del presidente para transformar esta cr\u00edtica en una oportunidad para consolidar un equipo sin fricciones internas, capitalizando el apoyo electoral y la &#8220;oportunidad hist\u00f3rica&#8221; que el propio Macri reconoce que tiene el pa\u00eds.<\/p>\n","protected":false},"excerpt":{"rendered":"<p>El expresidente Mauricio Macri gener\u00f3 un sismo pol\u00edtico al expresar p\u00fablicamente su preocupaci\u00f3n por la salida de Guillermo Francos de la Jefatura de Gabinete y la posterior designaci\u00f3n de Manuel Adorni. Tras una reuni\u00f3n privada con Javier Milei en Olivos, Macri utiliz\u00f3 sus redes sociales para se\u00f1alar que el reemplazo &#8220;no parece ser una buena [&hellip;]<\/p>\n","protected":false},"author":2,"featured_media":13932,"comment_status":"open","ping_status":"open","sticky":false,"template":"","format":"standard","meta":{"footnotes":""},"categories":[26],"tags":[],"class_list":{"0":"post-13931","1":"post","2":"type-post","3":"status-publish","4":"format-standard","5":"has-post-thumbnail","7":"category-nacionales"},"aioseo_notices":[],"_links":{"self":[{"href":"https:\/\/lalupa24.com.ar\/index.php\/wp-json\/wp\/v2\/posts\/13931","targetHints":{"allow":["GET"]}}],"collection":[{"href":"https:\/\/lalupa24.com.ar\/index.php\/wp-json\/wp\/v2\/posts"}],"about":[{"href":"https:\/\/lalupa24.com.ar\/index.php\/wp-json\/wp\/v2\/types\/post"}],"author":[{"embeddable":true,"href":"https:\/\/lalupa24.com.ar\/index.php\/wp-json\/wp\/v2\/users\/2"}],"replies":[{"embeddable":true,"href":"https:\/\/lalupa24.com.ar\/index.php\/wp-json\/wp\/v2\/comments?post=13931"}],"version-history":[{"count":1,"href":"https:\/\/lalupa24.com.ar\/index.php\/wp-json\/wp\/v2\/posts\/13931\/revisions"}],"predecessor-version":[{"id":13933,"href":"https:\/\/lalupa24.com.ar\/index.php\/wp-json\/wp\/v2\/posts\/13931\/revisions\/13933"}],"wp:featuredmedia":[{"embeddable":true,"href":"https:\/\/lalupa24.com.ar\/index.php\/wp-json\/wp\/v2\/media\/13932"}],"wp:attachment":[{"href":"https:\/\/lalupa24.com.ar\/index.php\/wp-json\/wp\/v2\/media?parent=13931"}],"wp:term":[{"taxonomy":"category","embeddable":true,"href":"https:\/\/lalupa24.com.ar\/index.php\/wp-json\/wp\/v2\/categories?post=13931"},{"taxonomy":"post_tag","embeddable":true,"href":"https:\/\/lalupa24.com.ar\/index.php\/wp-json\/wp\/v2\/tags?post=13931"}],"curies":[{"name":"wp","href":"https:\/\/api.w.org\/{rel}","templated":true}]}}