{"id":13940,"date":"2025-11-02T17:22:51","date_gmt":"2025-11-02T20:22:51","guid":{"rendered":"https:\/\/lalupa24.com.ar\/?p=13940"},"modified":"2025-11-02T17:22:52","modified_gmt":"2025-11-02T20:22:52","slug":"senado-en-punto-muerto-agendas-cruzadas-y-fragmentacion-de-poder-complican-sesionar-antes-del-recambio-legislativo","status":"publish","type":"post","link":"https:\/\/lalupa24.com.ar\/index.php\/2025\/11\/02\/senado-en-punto-muerto-agendas-cruzadas-y-fragmentacion-de-poder-complican-sesionar-antes-del-recambio-legislativo\/","title":{"rendered":"SENADO EN PUNTO MUERTO: AGENDAS CRUZADAS Y FRAGMENTACI\u00d3N DE PODER COMPLICAN SESIONAR ANTES DEL RECAMBIO LEGISLATIVO"},"content":{"rendered":"\n<p>Tras el proceso electoral y a menos de un mes para la finalizaci\u00f3n del per\u00edodo ordinario, el Senado de la Naci\u00f3n se encuentra paralizado por agendas internas que impiden la concreci\u00f3n de una sesi\u00f3n plenaria. La situaci\u00f3n actual se caracteriza por una profunda fragmentaci\u00f3n de intereses, donde el oficialismo, encabezado por la vicepresidenta Victoria Villarruel, persigue un objetivo administrativo de corto plazo, mientras que la oposici\u00f3n, especialmente el kirchnerismo, intenta rescatar temas pendientes de alto impacto pol\u00edtico y constitucional. Este <em>impasse<\/em> refleja la debilidad de la gesti\u00f3n parlamentaria de la C\u00e1mara Alta y posterga la resoluci\u00f3n de asuntos institucionales clave para la gobernabilidad.<\/p>\n\n\n\n<p>La urgencia principal de la titular del Senado, Victoria Villarruel, pasa por nombrar al secretario administrativo del cuerpo, una figura clave para la estructura de la &#8220;caja&#8221; y la gesti\u00f3n interna, antes de que asuman los nuevos legisladores el 10 de diciembre. Este enfoque se produce en un contexto de debilitamiento de su liderazgo pol\u00edtico, exacerbado por una estrategia comunicacional err\u00e1tica durante el \u00faltimo a\u00f1o. La vicepresidenta busca evitar que la decisi\u00f3n recaiga en la nueva conformaci\u00f3n, especialmente considerando la potencial asunci\u00f3n de Patricia Bullrich como futura jefa del bloque de La Libertad Avanza (LLA), lo que desplazar\u00eda a Villarruel de la interlocuci\u00f3n directa con el Ejecutivo.<\/p>\n\n\n\n<p>En el extremo opuesto, el Frente de Todos (FDT), liderado por Jos\u00e9 Mayans, se debate entre la necesidad de sanar las heridas post-electorales y forzar la discusi\u00f3n de temas que considera prioritarios. Un punto central de su agenda es insistir con la versi\u00f3n original del proyecto de ley que restringe la mec\u00e1nica de los Decretos de Necesidad y Urgencia (DNU), que ya hab\u00eda sido aprobado por el Senado, pero modificado por Diputados. No obstante, la bancada opositora carece de los dos tercios necesarios para habilitar la discusi\u00f3n &#8220;sobre tablas&#8221;, por lo que solo se limitar\u00e1 a dejar el despacho listo en la Comisi\u00f3n de Asuntos Constitucionales, presidida por la peronista disidente Alejandra Vigo.<\/p>\n\n\n\n<p>Adicionalmente, la oposici\u00f3n maneja otros proyectos con potencial de acuerdo. Uno de ellos es la <strong>Defensor\u00eda del Ni\u00f1o<\/strong>, cuyo despacho ya cuenta con el aval de Diputados y se encamina a su votaci\u00f3n, fruto de un acuerdo entre el radicalismo y el kirchnerismo. Seg\u00fan analistas legislativos, este avance es consecuencia de una &#8220;p\u00e9sima estrategia&#8221; de LLA que, al no amortiguar la situaci\u00f3n, le entreg\u00f3 una victoria a la oposici\u00f3n. Tambi\u00e9n se mantiene en el aire la discusi\u00f3n por la distribuci\u00f3n de las tres butacas que le corresponden al Senado en la <strong>Auditor\u00eda General de la Naci\u00f3n (AGN)<\/strong>, donde el kirchnerismo pretende dos asientos y el PRO aboga por una repartija equitativa.<\/p>\n\n\n\n<p>La tensi\u00f3n se intensifica en el \u00e1mbito administrativo. La intenci\u00f3n de Villarruel de designar al secretario administrativo y la reciente firma de los decretos 573 y 574 con una &#8220;reformulada&#8221; estructura y nombramientos de supuesta confianza, ha desatado una &#8220;feroz guerra&#8221; con el principal gremio del Congreso, APL, y con el kirchnerismo. Senadores peronistas experimentados se\u00f1alaron a la vicepresidenta de &#8220;acordar y despu\u00e9s mandar a apretar gente&#8221;, en alusi\u00f3n a las acusaciones y renuncias de empleados legislativos que pusieron en alerta al sindicato, quien ahora teme por la continuidad de la hist\u00f3rica directora de Personal.<\/p>\n\n\n\n<p>El panorama en el Senado sugiere que, ante la falta de una agenda de consenso y la prioridad de intereses sectoriales, la inacci\u00f3n podr\u00eda extenderse hasta el recambio legislativo de diciembre. El oficialismo se encuentra en una encrucijada: o facilita una sesi\u00f3n para sus propios objetivos administrativos, abriendo la puerta a que la oposici\u00f3n avance con temas clave como la Defensor\u00eda del Ni\u00f1o, o bien opta por la estrategia de postergar la actividad hasta que Patricia Bullrich asuma como jefa de bloque, brindando a la Casa Rosada una interlocuci\u00f3n m\u00e1s directa y un comando m\u00e1s firme para la negociaci\u00f3n de la pr\u00f3xima etapa.<\/p>\n","protected":false},"excerpt":{"rendered":"<p>Tras el proceso electoral y a menos de un mes para la finalizaci\u00f3n del per\u00edodo ordinario, el Senado de la Naci\u00f3n se encuentra paralizado por agendas internas que impiden la concreci\u00f3n de una sesi\u00f3n plenaria. La situaci\u00f3n actual se caracteriza por una profunda fragmentaci\u00f3n de intereses, donde el oficialismo, encabezado por la vicepresidenta Victoria Villarruel, [&hellip;]<\/p>\n","protected":false},"author":2,"featured_media":13941,"comment_status":"open","ping_status":"open","sticky":false,"template":"","format":"standard","meta":{"footnotes":""},"categories":[26],"tags":[],"class_list":{"0":"post-13940","1":"post","2":"type-post","3":"status-publish","4":"format-standard","5":"has-post-thumbnail","7":"category-nacionales"},"aioseo_notices":[],"_links":{"self":[{"href":"https:\/\/lalupa24.com.ar\/index.php\/wp-json\/wp\/v2\/posts\/13940","targetHints":{"allow":["GET"]}}],"collection":[{"href":"https:\/\/lalupa24.com.ar\/index.php\/wp-json\/wp\/v2\/posts"}],"about":[{"href":"https:\/\/lalupa24.com.ar\/index.php\/wp-json\/wp\/v2\/types\/post"}],"author":[{"embeddable":true,"href":"https:\/\/lalupa24.com.ar\/index.php\/wp-json\/wp\/v2\/users\/2"}],"replies":[{"embeddable":true,"href":"https:\/\/lalupa24.com.ar\/index.php\/wp-json\/wp\/v2\/comments?post=13940"}],"version-history":[{"count":1,"href":"https:\/\/lalupa24.com.ar\/index.php\/wp-json\/wp\/v2\/posts\/13940\/revisions"}],"predecessor-version":[{"id":13942,"href":"https:\/\/lalupa24.com.ar\/index.php\/wp-json\/wp\/v2\/posts\/13940\/revisions\/13942"}],"wp:featuredmedia":[{"embeddable":true,"href":"https:\/\/lalupa24.com.ar\/index.php\/wp-json\/wp\/v2\/media\/13941"}],"wp:attachment":[{"href":"https:\/\/lalupa24.com.ar\/index.php\/wp-json\/wp\/v2\/media?parent=13940"}],"wp:term":[{"taxonomy":"category","embeddable":true,"href":"https:\/\/lalupa24.com.ar\/index.php\/wp-json\/wp\/v2\/categories?post=13940"},{"taxonomy":"post_tag","embeddable":true,"href":"https:\/\/lalupa24.com.ar\/index.php\/wp-json\/wp\/v2\/tags?post=13940"}],"curies":[{"name":"wp","href":"https:\/\/api.w.org\/{rel}","templated":true}]}}