{"id":13946,"date":"2025-11-02T17:25:51","date_gmt":"2025-11-02T20:25:51","guid":{"rendered":"https:\/\/lalupa24.com.ar\/?p=13946"},"modified":"2025-11-02T17:26:58","modified_gmt":"2025-11-02T20:26:58","slug":"economia-bimonetaria-persistente-argentinos-usan-dolares-para-ahorro-y-pesos-para-consumo","status":"publish","type":"post","link":"https:\/\/lalupa24.com.ar\/index.php\/2025\/11\/02\/economia-bimonetaria-persistente-argentinos-usan-dolares-para-ahorro-y-pesos-para-consumo\/","title":{"rendered":"ECONOM\u00cdA BIMONETARIA PERSISTENTE: ARGENTINOS USAN D\u00d3LARES PARA AHORRO Y PESOS PARA CONSUMO"},"content":{"rendered":"\n<p>El Ej\u00e9rcito Argentino ha redefinido su modelo de formaci\u00f3n profesional a trav\u00e9s de la creaci\u00f3n de la Universidad de la Defensa Nacional (UNDEF) y la Facultad del Ej\u00e9rcito. Esta estrategia educativa, que celebra su primera d\u00e9cada, apuesta por integrar la ciencia, la tecnolog\u00eda y el liderazgo militar en un solo espacio, ofreciendo un amplio abanico de carreras de pregrado, grado y posgrado que combinan la rigurosidad castrense con la titulaci\u00f3n civil. Esta transformaci\u00f3n busca formar profesionales de la defensa con excelencia acad\u00e9mica y compromiso con los valores institucionales.<\/p>\n\n\n\n<hr class=\"wp-block-separator has-alpha-channel-opacity\"\/>\n\n\n\n<h3 class=\"wp-block-heading\">La Facultad del Ej\u00e9rcito: Ejes y Sedes<\/h3>\n\n\n\n<p>La Facultad del Ej\u00e9rcito, que nuclea la tradici\u00f3n formativa de la Fuerza, tiene sus ra\u00edces en la Direcci\u00f3n de Institutos Superiores del Ej\u00e9rcito de 1986, pero se consolid\u00f3 en 2015 con la creaci\u00f3n de la UNDEF. Actualmente, cuenta con tres sedes acad\u00e9micas principales:<\/p>\n\n\n\n<ol start=\"1\" class=\"wp-block-list\">\n<li><strong>Colegio Militar de la Naci\u00f3n (El Palomar):<\/strong> Orientado a la formaci\u00f3n de oficiales.<\/li>\n\n\n\n<li><strong>Escuela de Suboficiales del Ej\u00e9rcito \u201cSargento Cabral\u201d (Campo de Mayo):<\/strong> Dedicada a la formaci\u00f3n de suboficiales.<\/li>\n\n\n\n<li><strong>Escuela Superior de Guerra \u201cTeniente General Luis Mar\u00eda Campos\u201d (Palermo):<\/strong> Ofrece carreras de grado y posgrado, incluyendo opciones a distancia.<\/li>\n<\/ol>\n\n\n\n<p>Un dato relevante es que su oferta acad\u00e9mica est\u00e1 abierta tanto al p\u00fablico civil como al personal militar, reflejando su misi\u00f3n de encuentro entre la vocaci\u00f3n de defensa y el \u00e1mbito universitario.<\/p>\n\n\n\n<hr class=\"wp-block-separator has-alpha-channel-opacity\"\/>\n\n\n\n<h3 class=\"wp-block-heading\">Carreras para Oficiales y Suboficiales<\/h3>\n\n\n\n<p>Para quienes aspiran a ser <strong>oficiales<\/strong>, el camino principal es el <strong>Colegio Militar de la Naci\u00f3n<\/strong>. Se cursa una carrera de cuatro a\u00f1os con modalidad de internado, donde los egresados obtienen el grado de subtenientes del Ej\u00e9rcito Argentino y el t\u00edtulo de <strong>Licenciados en Conducci\u00f3n y Gesti\u00f3n Operativa<\/strong>. Adem\u00e1s, ofrece la <strong>Licenciatura en Enfermer\u00eda<\/strong> (con t\u00edtulo intermedio de Enfermero Universitario) para el \u00e1rea de sanidad militar, tambi\u00e9n de cuatro a\u00f1os. Los requisitos de ingreso incluyen ser argentino nativo o por opci\u00f3n, soltero, con estudios secundarios completos (o adeudando hasta dos materias), y una edad m\u00e1xima de 25 a\u00f1os.<\/p>\n\n\n\n<p>Por otro lado, la <strong>Escuela de Suboficiales del Ej\u00e9rcito \u201cSargento Cabral\u201d<\/strong> es la instituci\u00f3n formadora exclusiva de los suboficiales de la Fuerza. Ofrece una serie de <strong>Tecnicaturas Universitarias Militares<\/strong> de dos a\u00f1os y seis meses de duraci\u00f3n, que incluyen especialidades en Conducci\u00f3n Operacional, Administraci\u00f3n de Recursos Materiales, Enfermer\u00eda, Electr\u00f3nica, Inform\u00e1tica y Armamento, entre otras. Al finalizar, los cursantes obtienen el grado de Cabo.<\/p>\n\n\n\n<hr class=\"wp-block-separator has-alpha-channel-opacity\"\/>\n\n\n\n<h3 class=\"wp-block-heading\">Oferta Acad\u00e9mica de Posgrado y Abierta al P\u00fablico<\/h3>\n\n\n\n<p>La <strong>Escuela Superior de Guerra<\/strong>, adem\u00e1s de su funci\u00f3n primaria en la formaci\u00f3n de futuros jefes, se destaca por su oferta de grado y posgrado abierta al p\u00fablico en general. En el nivel de grado, se pueden cursar la <strong>Licenciatura en Relaciones Internacionales<\/strong> y el <strong>Profesorado Universitario para la Ense\u00f1anza Media y Superior de la Conducci\u00f3n Militar<\/strong>.<\/p>\n\n\n\n<p>En el nivel de posgrado, se ofrecen dos maestr\u00edas: en <strong>Estrategia y Geopol\u00edtica<\/strong> y en <strong>Historia de la Guerra<\/strong>. La oferta se complementa con cuatro especializaciones, incluyendo:<\/p>\n\n\n\n<ul class=\"wp-block-list\">\n<li>Gesti\u00f3n de la Defensa Civil y Apoyo a la Poblaci\u00f3n.<\/li>\n\n\n\n<li>Historia Militar Contempor\u00e1nea.<\/li>\n\n\n\n<li>Planeamiento y Gesti\u00f3n de los Recursos Humanos de Organizaciones Militares Terrestres.<\/li>\n<\/ul>\n\n\n\n<hr class=\"wp-block-separator has-alpha-channel-opacity\"\/>\n\n\n\n<h3 class=\"wp-block-heading\">Formaci\u00f3n en Ingenier\u00eda<\/h3>\n\n\n\n<p>Si bien opera bajo una \u00f3rbita acad\u00e9mica separada (la Facultad de Ingenier\u00eda del Ej\u00e9rcito o FIE), el Ej\u00e9rcito tambi\u00e9n ofrece una robusta formaci\u00f3n en el campo de la ingenier\u00eda, abierta al p\u00fablico civil. La FIE cuenta con seis ingenier\u00edas de grado: Agrimensura-Geogr\u00e1fica, Civil, Electr\u00f3nica, Inform\u00e1tica, Mec\u00e1nica y Qu\u00edmica. Adem\u00e1s, ofrece tecnicaturas de pregrado en Geom\u00e1tica e Higiene y Seguridad.<\/p>\n\n\n\n<p>En el \u00e1rea de posgrado de la FIE, las especializaciones reflejan las necesidades de la Defensa, incluyendo cursos en <strong>Ciberdefensa<\/strong>, <strong>Criptograf\u00eda y Seguridad Teleinform\u00e1tica<\/strong>, y <strong>Sistemas de Control<\/strong>, poniendo de relieve el foco de la Fuerza en la innovaci\u00f3n tecnol\u00f3gica y la defensa estrat\u00e9gica del ciberespacio.<\/p>\n\n\n\n<hr class=\"wp-block-separator has-alpha-channel-opacity\"\/>\n\n\n\n<h3 class=\"wp-block-heading\">La Visi\u00f3n Estrat\u00e9gica<\/h3>\n\n\n\n<p>La celebraci\u00f3n de la primera d\u00e9cada de la Facultad del Ej\u00e9rcito, presidida por el General Gustavo Garc\u00eda (Decano) y el General Jorge Alberto Puebla (Director de Educaci\u00f3n), resalta el compromiso de la Fuerza con la educaci\u00f3n superior de excelencia. El General Puebla afirm\u00f3 que en estas sedes &#8220;se talla el futuro de los pr\u00f3ximos 30 o 40 a\u00f1os del Ej\u00e9rcito&#8221;, enfatizando la necesidad de adaptarse a los nuevos desaf\u00edos militares y civiles sin perder la identidad institucional. Esta integraci\u00f3n entre la vida de cuartel y la vida universitaria busca asegurar un cuerpo de oficiales y suboficiales altamente calificado para los retos de la defensa nacional del futuro.<\/p>\n\n\n\n<p><\/p>\n","protected":false},"excerpt":{"rendered":"<p>El Ej\u00e9rcito Argentino ha redefinido su modelo de formaci\u00f3n profesional a trav\u00e9s de la creaci\u00f3n de la Universidad de la Defensa Nacional (UNDEF) y la Facultad del Ej\u00e9rcito. Esta estrategia educativa, que celebra su primera d\u00e9cada, apuesta por integrar la ciencia, la tecnolog\u00eda y el liderazgo militar en un solo espacio, ofreciendo un amplio abanico [&hellip;]<\/p>\n","protected":false},"author":2,"featured_media":13947,"comment_status":"open","ping_status":"open","sticky":false,"template":"","format":"standard","meta":{"footnotes":""},"categories":[24,26],"tags":[],"class_list":{"0":"post-13946","1":"post","2":"type-post","3":"status-publish","4":"format-standard","5":"has-post-thumbnail","7":"category-economia","8":"category-nacionales"},"aioseo_notices":[],"_links":{"self":[{"href":"https:\/\/lalupa24.com.ar\/index.php\/wp-json\/wp\/v2\/posts\/13946","targetHints":{"allow":["GET"]}}],"collection":[{"href":"https:\/\/lalupa24.com.ar\/index.php\/wp-json\/wp\/v2\/posts"}],"about":[{"href":"https:\/\/lalupa24.com.ar\/index.php\/wp-json\/wp\/v2\/types\/post"}],"author":[{"embeddable":true,"href":"https:\/\/lalupa24.com.ar\/index.php\/wp-json\/wp\/v2\/users\/2"}],"replies":[{"embeddable":true,"href":"https:\/\/lalupa24.com.ar\/index.php\/wp-json\/wp\/v2\/comments?post=13946"}],"version-history":[{"count":2,"href":"https:\/\/lalupa24.com.ar\/index.php\/wp-json\/wp\/v2\/posts\/13946\/revisions"}],"predecessor-version":[{"id":13951,"href":"https:\/\/lalupa24.com.ar\/index.php\/wp-json\/wp\/v2\/posts\/13946\/revisions\/13951"}],"wp:featuredmedia":[{"embeddable":true,"href":"https:\/\/lalupa24.com.ar\/index.php\/wp-json\/wp\/v2\/media\/13947"}],"wp:attachment":[{"href":"https:\/\/lalupa24.com.ar\/index.php\/wp-json\/wp\/v2\/media?parent=13946"}],"wp:term":[{"taxonomy":"category","embeddable":true,"href":"https:\/\/lalupa24.com.ar\/index.php\/wp-json\/wp\/v2\/categories?post=13946"},{"taxonomy":"post_tag","embeddable":true,"href":"https:\/\/lalupa24.com.ar\/index.php\/wp-json\/wp\/v2\/tags?post=13946"}],"curies":[{"name":"wp","href":"https:\/\/api.w.org\/{rel}","templated":true}]}}