{"id":1395,"date":"2024-05-19T12:23:57","date_gmt":"2024-05-19T15:23:57","guid":{"rendered":"https:\/\/lalupa24.com.ar\/?p=1395"},"modified":"2024-05-24T12:25:34","modified_gmt":"2024-05-24T15:25:34","slug":"promoviendo-la-inclusion-y-la-accesibilidad-en-la-bienal-del-chaco","status":"publish","type":"post","link":"https:\/\/lalupa24.com.ar\/index.php\/2024\/05\/19\/promoviendo-la-inclusion-y-la-accesibilidad-en-la-bienal-del-chaco\/","title":{"rendered":"Promoviendo la inclusi\u00f3n y la accesibilidad en la bienal del chaco"},"content":{"rendered":"\n<p><\/p>\n\n\n\n<p>En preparaci\u00f3n para la pr\u00f3xima edici\u00f3n de la Bienal del Chaco, se llev\u00f3 a cabo una enriquecedora jornada de capacitaci\u00f3n y reflexi\u00f3n sobre inclusi\u00f3n, accesibilidad y discapacidad, en colaboraci\u00f3n con integrantes de la Fundaci\u00f3n Urunday. Este evento, marc\u00f3 un paso importante hacia una Bienal m\u00e1s inclusiva y accesible para todos.<br>Durante la jornada, esta semana, se abordaron diversos temas relacionados con la importancia de garantizar la participaci\u00f3n plena y equitativa de todas las personas en eventos culturales y art\u00edsticos. Expertos y participantes compartieron experiencias, ideas y estrategias para derribar barreras y crear entornos m\u00e1s accesibles tanto f\u00edsica como digitalmente.<br>\u201cEstamos comprometidos en hacer de la pr\u00f3xima Bienal del Chaco un evento verdaderamente inclusivo&#8221;, expres\u00f3 Ana Mitoire, desde IPRODICH. \u201cTrabajando en conjunto con la Fundaci\u00f3n Urunday y otros sectores, estamos impulsando acciones concretas para garantizar que todos puedan disfrutar plenamente de esta celebraci\u00f3n cultural&#8221;.<br>La pr\u00f3xima edici\u00f3n de la Bienal del Chaco se acerca, y con ella, la oportunidad de promover la inclusi\u00f3n y la accesibilidad para todos los asistentes. Siguiendo adelante con este compromiso, se continuar\u00e1 trabajando en conjunto con diversos sectores de la sociedad para construir un futuro m\u00e1s inclusivo y equitativo para todos.<\/p>\n","protected":false},"excerpt":{"rendered":"<p>En preparaci\u00f3n para la pr\u00f3xima edici\u00f3n de la Bienal del Chaco, se llev\u00f3 a cabo una enriquecedora jornada de capacitaci\u00f3n y reflexi\u00f3n sobre inclusi\u00f3n, accesibilidad y discapacidad, en colaboraci\u00f3n con integrantes de la Fundaci\u00f3n Urunday. Este evento, marc\u00f3 un paso importante hacia una Bienal m\u00e1s inclusiva y accesible para todos.Durante la jornada, esta semana, se [&hellip;]<\/p>\n","protected":false},"author":2,"featured_media":1396,"comment_status":"open","ping_status":"open","sticky":false,"template":"","format":"standard","meta":{"footnotes":""},"categories":[28],"tags":[],"class_list":{"0":"post-1395","1":"post","2":"type-post","3":"status-publish","4":"format-standard","5":"has-post-thumbnail","7":"category-locales"},"aioseo_notices":[],"_links":{"self":[{"href":"https:\/\/lalupa24.com.ar\/index.php\/wp-json\/wp\/v2\/posts\/1395","targetHints":{"allow":["GET"]}}],"collection":[{"href":"https:\/\/lalupa24.com.ar\/index.php\/wp-json\/wp\/v2\/posts"}],"about":[{"href":"https:\/\/lalupa24.com.ar\/index.php\/wp-json\/wp\/v2\/types\/post"}],"author":[{"embeddable":true,"href":"https:\/\/lalupa24.com.ar\/index.php\/wp-json\/wp\/v2\/users\/2"}],"replies":[{"embeddable":true,"href":"https:\/\/lalupa24.com.ar\/index.php\/wp-json\/wp\/v2\/comments?post=1395"}],"version-history":[{"count":1,"href":"https:\/\/lalupa24.com.ar\/index.php\/wp-json\/wp\/v2\/posts\/1395\/revisions"}],"predecessor-version":[{"id":1397,"href":"https:\/\/lalupa24.com.ar\/index.php\/wp-json\/wp\/v2\/posts\/1395\/revisions\/1397"}],"wp:featuredmedia":[{"embeddable":true,"href":"https:\/\/lalupa24.com.ar\/index.php\/wp-json\/wp\/v2\/media\/1396"}],"wp:attachment":[{"href":"https:\/\/lalupa24.com.ar\/index.php\/wp-json\/wp\/v2\/media?parent=1395"}],"wp:term":[{"taxonomy":"category","embeddable":true,"href":"https:\/\/lalupa24.com.ar\/index.php\/wp-json\/wp\/v2\/categories?post=1395"},{"taxonomy":"post_tag","embeddable":true,"href":"https:\/\/lalupa24.com.ar\/index.php\/wp-json\/wp\/v2\/tags?post=1395"}],"curies":[{"name":"wp","href":"https:\/\/api.w.org\/{rel}","templated":true}]}}