{"id":13977,"date":"2025-11-03T12:58:34","date_gmt":"2025-11-03T15:58:34","guid":{"rendered":"https:\/\/lalupa24.com.ar\/?p=13977"},"modified":"2025-11-03T13:00:13","modified_gmt":"2025-11-03T16:00:13","slug":"milei-presento-a-su-nuevo-gabinete-con-una-foto-grupal-en-casa-rosada","status":"publish","type":"post","link":"https:\/\/lalupa24.com.ar\/index.php\/2025\/11\/03\/milei-presento-a-su-nuevo-gabinete-con-una-foto-grupal-en-casa-rosada\/","title":{"rendered":"Milei present\u00f3 a su nuevo gabinete con una foto grupal en Casa Rosada"},"content":{"rendered":"\n<p>La\u00a0primera gran reuni\u00f3n\u00a0del\u00a0nuevo Gabinete\u00a0de\u00a0Javier Milei\u00a0en\u00a0Casa Rosada\u00a0ya es una realidad. En un clima de expectativa y con la presencia de los principales referentes de su administraci\u00f3n, el\u00a0Presidente\u00a0encabez\u00f3 el\u00a0encuentro\u00a0en el\u00a0Sal\u00f3n Eva Per\u00f3n, donde dio la\u00a0bienvenida formal\u00a0a los\u00a0funcionarios recientemente incorporados.<\/p>\n\n\n\n<p>El evento, que incluy\u00f3 una\u00a0foto grupal\u00a0en el\u00a0Sal\u00f3n de los Bustos, simboliz\u00f3 el comienzo de una\u00a0nueva etapa\u00a0de gobierno tras los relevos en puestos clave. El encuentro tuvo lugar luego de los\u00a0recientes cambios\u00a0que\u00a0reconfiguraron\u00a0la\u00a0estructura del Ejecutivo.<\/p>\n\n\n\n<p>Manuel Adorni\u00a0debut\u00f3 como\u00a0jefe de Gabinete\u00a0en reemplazo de\u00a0Guillermo Francos,\u00a0Pablo Quirno\u00a0asumi\u00f3 como nuevo\u00a0canciller, y\u00a0Diego \u201cEl Colo\u201d Santilli\u00a0tom\u00f3 las riendas del\u00a0Ministerio del Interior\u00a0tras la salida de\u00a0Lisandro Catal\u00e1n. La presencia de todos ellos, junto al resto de los ministros, marc\u00f3 el inicio del\u00a0segundo tramo\u00a0de la\u00a0gesti\u00f3n libertaria.<\/p>\n\n\n\n<p>Seg\u00fan trascendi\u00f3, el temario principal de la reuni\u00f3n gir\u00f3 en torno a la\u00a0agenda legislativa\u00a0del mes, con especial atenci\u00f3n al tratamiento del\u00a0Presupuesto 2026. Tambi\u00e9n se mencion\u00f3 la posibilidad de un reconocimiento a los funcionarios salientes por su labor en los primeros meses del mandato.<\/p>\n\n\n\n<p>Milei\u00a0lleg\u00f3 a\u00a0Casa Rosada\u00a0cerca de las\u00a09, luego de que\u00a0Adorni\u00a0fuera el\u00a0primero en arribar\u00a0al edificio pasadas las 7.30, en lo que fue su\u00a0estreno\u00a0como\u00a0ministro coordinador. Alrededor de la\u00a0mesa oval del Sal\u00f3n Eva Per\u00f3n\u00a0se ubicaron, adem\u00e1s de\u00a0Milei\u00a0y\u00a0Adorni, los\u00a0ministros Luis Caputo\u00a0(Econom\u00eda),\u00a0Pablo Quirno\u00a0(Relaciones Exteriores),\u00a0Diego Santilli\u00a0(Interior),\u00a0Mario Lugones\u00a0(Salud),\u00a0Sandra Pettovello\u00a0(Capital Humano),\u00a0Mariano C\u00faneo Libarona\u00a0(Justicia),\u00a0Patricia Bullrich\u00a0(Seguridad) y\u00a0Luis Petri\u00a0(Defensa).<\/p>\n\n\n\n<p>Tambi\u00e9n participaron\u00a0Karina Milei,\u00a0secretaria general de la Presidencia;\u00a0Mar\u00eda Ibarzabal Murphy, secretaria\u00a0Legal y T\u00e9cnica;\u00a0Mart\u00edn Menem, titular de la\u00a0C\u00e1mara de Diputados;\u00a0Santiago Bausili, presidente del\u00a0Banco Central; y el\u00a0asesor presidencial Santiago Caputo, quien fue el \u00fanico que evit\u00f3 posar ante las c\u00e1maras oficiales.<\/p>\n\n\n\n<p>El \u00fanico ausente con aviso fue\u00a0Federico Sturzenegger, a cargo de\u00a0Desregulaci\u00f3n y Transformaci\u00f3n del Estado, que se encuentra en\u00a0Madrid\u00a0participando de la\u00a0Conferencia Internacional de Banca 2025\u00a0organizada por el\u00a0Banco Santander. Con la foto grupal como gesto de unidad y relanzamiento,\u00a0Milei\u00a0busc\u00f3 transmitir una\u00a0imagen de cohesi\u00f3n\u00a0y\u00a0renovaci\u00f3n\u00a0de cara a los pr\u00f3ximos desaf\u00edos de gesti\u00f3n y a un\u00a0cierre de a\u00f1o\u00a0que promete alta\u00a0intensidad pol\u00edtica y econ\u00f3mica<\/p>\n","protected":false},"excerpt":{"rendered":"<p>La\u00a0primera gran reuni\u00f3n\u00a0del\u00a0nuevo Gabinete\u00a0de\u00a0Javier Milei\u00a0en\u00a0Casa Rosada\u00a0ya es una realidad. En un clima de expectativa y con la presencia de los principales referentes de su administraci\u00f3n, el\u00a0Presidente\u00a0encabez\u00f3 el\u00a0encuentro\u00a0en el\u00a0Sal\u00f3n Eva Per\u00f3n, donde dio la\u00a0bienvenida formal\u00a0a los\u00a0funcionarios recientemente incorporados. El evento, que incluy\u00f3 una\u00a0foto grupal\u00a0en el\u00a0Sal\u00f3n de los Bustos, simboliz\u00f3 el comienzo de una\u00a0nueva etapa\u00a0de gobierno tras [&hellip;]<\/p>\n","protected":false},"author":2,"featured_media":13978,"comment_status":"open","ping_status":"open","sticky":false,"template":"","format":"standard","meta":{"footnotes":""},"categories":[26],"tags":[],"class_list":{"0":"post-13977","1":"post","2":"type-post","3":"status-publish","4":"format-standard","5":"has-post-thumbnail","7":"category-nacionales"},"aioseo_notices":[],"_links":{"self":[{"href":"https:\/\/lalupa24.com.ar\/index.php\/wp-json\/wp\/v2\/posts\/13977","targetHints":{"allow":["GET"]}}],"collection":[{"href":"https:\/\/lalupa24.com.ar\/index.php\/wp-json\/wp\/v2\/posts"}],"about":[{"href":"https:\/\/lalupa24.com.ar\/index.php\/wp-json\/wp\/v2\/types\/post"}],"author":[{"embeddable":true,"href":"https:\/\/lalupa24.com.ar\/index.php\/wp-json\/wp\/v2\/users\/2"}],"replies":[{"embeddable":true,"href":"https:\/\/lalupa24.com.ar\/index.php\/wp-json\/wp\/v2\/comments?post=13977"}],"version-history":[{"count":2,"href":"https:\/\/lalupa24.com.ar\/index.php\/wp-json\/wp\/v2\/posts\/13977\/revisions"}],"predecessor-version":[{"id":13980,"href":"https:\/\/lalupa24.com.ar\/index.php\/wp-json\/wp\/v2\/posts\/13977\/revisions\/13980"}],"wp:featuredmedia":[{"embeddable":true,"href":"https:\/\/lalupa24.com.ar\/index.php\/wp-json\/wp\/v2\/media\/13978"}],"wp:attachment":[{"href":"https:\/\/lalupa24.com.ar\/index.php\/wp-json\/wp\/v2\/media?parent=13977"}],"wp:term":[{"taxonomy":"category","embeddable":true,"href":"https:\/\/lalupa24.com.ar\/index.php\/wp-json\/wp\/v2\/categories?post=13977"},{"taxonomy":"post_tag","embeddable":true,"href":"https:\/\/lalupa24.com.ar\/index.php\/wp-json\/wp\/v2\/tags?post=13977"}],"curies":[{"name":"wp","href":"https:\/\/api.w.org\/{rel}","templated":true}]}}