{"id":13984,"date":"2025-11-03T13:03:48","date_gmt":"2025-11-03T16:03:48","guid":{"rendered":"https:\/\/lalupa24.com.ar\/?p=13984"},"modified":"2025-11-03T13:03:50","modified_gmt":"2025-11-03T16:03:50","slug":"sanos-y-salvos-los-jovenes-desaparecidos-ya-volvieron-a-sus-casas","status":"publish","type":"post","link":"https:\/\/lalupa24.com.ar\/index.php\/2025\/11\/03\/sanos-y-salvos-los-jovenes-desaparecidos-ya-volvieron-a-sus-casas\/","title":{"rendered":"Sanos y salvos, los j\u00f3venes desaparecidos ya volvieron a sus casas"},"content":{"rendered":"\n<p>Ayer, dos adolescentes de 15 y 14 a\u00f1os salieron a pasear, pero no regresaron a casa por la noche y preocuparon a toda la comunidad. Esta madrugada, la madre de la joven de 15 radic\u00f3 la denuncia y se activ\u00f3 el protocolo de b\u00fasqueda policial. Cerca de las 9 de la ma\u00f1ana de hoy se dej\u00f3 \u201csin efecto\u201d la b\u00fasqueda dado a que volvieron a casa.<\/p>\n\n\n\n<p>Seg\u00fan lo denunci\u00f3 la madre, ambos ser\u00edan pareja y salieron rumbo a una feria en avenida Las Heras y Juan B. Justo de Resistencia. Despu\u00e9s ir\u00edan a la Plaza 25 de Mayo a seguir con su paseo. Ellos no volvieron a su casa por la noche y se activaron todos los protocolos.<\/p>\n\n\n\n<p>Agentes de la Divisi\u00f3n B\u00fasqueda de Personas Desaparecidas y Extraviadas comenz\u00f3 a buscar a los adolescentes y a alertar al resto de unidades sobre la desaparici\u00f3n. Esta ma\u00f1ana, la denunciante se comunic\u00f3 con uno de los agentes por WhatsApp y avis\u00f3 que los j\u00f3venes ya hab\u00edan vuelto y que estaban sanos y salvos.<\/p>\n\n\n\n<p>Para finalizar el caso, cerca de las 9 de la ma\u00f1ana se acerc\u00f3 a la Comisar\u00eda Primera para ampliar la denuncia y dejar sin efecto la b\u00fasqueda. A su vez, el personal policial corrobor\u00f3 lo dicho y el buen estado de salud de ambos.<\/p>\n","protected":false},"excerpt":{"rendered":"<p>Ayer, dos adolescentes de 15 y 14 a\u00f1os salieron a pasear, pero no regresaron a casa por la noche y preocuparon a toda la comunidad. Esta madrugada, la madre de la joven de 15 radic\u00f3 la denuncia y se activ\u00f3 el protocolo de b\u00fasqueda policial. Cerca de las 9 de la ma\u00f1ana de hoy se [&hellip;]<\/p>\n","protected":false},"author":2,"featured_media":13985,"comment_status":"open","ping_status":"open","sticky":false,"template":"","format":"standard","meta":{"footnotes":""},"categories":[28],"tags":[],"class_list":{"0":"post-13984","1":"post","2":"type-post","3":"status-publish","4":"format-standard","5":"has-post-thumbnail","7":"category-locales"},"aioseo_notices":[],"_links":{"self":[{"href":"https:\/\/lalupa24.com.ar\/index.php\/wp-json\/wp\/v2\/posts\/13984","targetHints":{"allow":["GET"]}}],"collection":[{"href":"https:\/\/lalupa24.com.ar\/index.php\/wp-json\/wp\/v2\/posts"}],"about":[{"href":"https:\/\/lalupa24.com.ar\/index.php\/wp-json\/wp\/v2\/types\/post"}],"author":[{"embeddable":true,"href":"https:\/\/lalupa24.com.ar\/index.php\/wp-json\/wp\/v2\/users\/2"}],"replies":[{"embeddable":true,"href":"https:\/\/lalupa24.com.ar\/index.php\/wp-json\/wp\/v2\/comments?post=13984"}],"version-history":[{"count":1,"href":"https:\/\/lalupa24.com.ar\/index.php\/wp-json\/wp\/v2\/posts\/13984\/revisions"}],"predecessor-version":[{"id":13986,"href":"https:\/\/lalupa24.com.ar\/index.php\/wp-json\/wp\/v2\/posts\/13984\/revisions\/13986"}],"wp:featuredmedia":[{"embeddable":true,"href":"https:\/\/lalupa24.com.ar\/index.php\/wp-json\/wp\/v2\/media\/13985"}],"wp:attachment":[{"href":"https:\/\/lalupa24.com.ar\/index.php\/wp-json\/wp\/v2\/media?parent=13984"}],"wp:term":[{"taxonomy":"category","embeddable":true,"href":"https:\/\/lalupa24.com.ar\/index.php\/wp-json\/wp\/v2\/categories?post=13984"},{"taxonomy":"post_tag","embeddable":true,"href":"https:\/\/lalupa24.com.ar\/index.php\/wp-json\/wp\/v2\/tags?post=13984"}],"curies":[{"name":"wp","href":"https:\/\/api.w.org\/{rel}","templated":true}]}}