{"id":14037,"date":"2025-11-05T10:09:02","date_gmt":"2025-11-05T13:09:02","guid":{"rendered":"https:\/\/lalupa24.com.ar\/?p=14037"},"modified":"2025-11-05T10:09:06","modified_gmt":"2025-11-05T13:09:06","slug":"francia-un-atropello-masivo-dejo-al-menos-10-heridos-y-la-fiscalia-antiterrorista-abrio-una-investigacion","status":"publish","type":"post","link":"https:\/\/lalupa24.com.ar\/index.php\/2025\/11\/05\/francia-un-atropello-masivo-dejo-al-menos-10-heridos-y-la-fiscalia-antiterrorista-abrio-una-investigacion\/","title":{"rendered":"Francia: un atropello masivo dej\u00f3 al menos 10 heridos y la Fiscal\u00eda Antiterrorista abri\u00f3 una investigaci\u00f3n"},"content":{"rendered":"\n<p>Par\u00eds al menos\u00a0diez personas\u00a0resultaron\u00a0heridas\u00a0este mi\u00e9rcoles tras un\u00a0atropello que se presume habr\u00eda sido intencional\u00a0en la\u00a0isla de Ol\u00e9ron, situada en la costa atl\u00e1ntica del departamento del Charente Mar\u00edtimo, en Francia.<\/p>\n\n\n\n<p>Este incidente dej\u00f3 al menos\u00a0diez personas lesionadas, cuatro de ellas\u00a0cr\u00edticas,\u00a0y llev\u00f3 a la\u00a0Fiscal\u00eda Antiterrorista\u00a0a abrir una investigaci\u00f3n. Cuando termin\u00f3 el ataque, el sospechoso\u00a0prendi\u00f3 fuego su coche\u00a0-un Honda Civic gris- y grit\u00f3\u00a0\u2018Allahu Akbar\u2019 [Al\u00e1 es grande, en \u00e1rabe],\u00a0d\u00edas antes del d\u00e9cimo aniversario de los atentados yihadistas que dejaron 130 muertos en Par\u00eds y Saint-Denis.<\/p>\n\n\n\n<p>Tras el hecho, la Polic\u00eda arrest\u00f3 al hombre y caratul\u00f3 la causa como \u201cintento de homicidio\u201d, aunque esa definici\u00f3n puede variar en base a c\u00f3mo avance el proceso.<\/p>\n\n\n\n<p>El ministro del Interior franc\u00e9s,\u00a0Laurent Nu\u00f1ez, confirm\u00f3 que el conductor embisti\u00f3 a varios peatones y ciclistas en las localidades de Saint-Pierre-d\u2019Ol\u00e9ron y Dolus-d\u2019Ol\u00e9ron.\u00a0\u201cDos v\u00edctimas est\u00e1n en estado grave y otras tres resultaron heridas\u201d,\u00a0inform\u00f3, en un primer momento, en su cuenta en la red social<em>\u00a0X<\/em>. Despu\u00e9s los heridos de gravedad pasaron a ser cuatro, en base a informaci\u00f3n de la Justicia.<\/p>\n\n\n\n<p>\u201cEl sospechoso fue detenido por los gendarmes. Hay una investigaci\u00f3n abierta\u201d, a\u00f1adi\u00f3 el ministro y resalt\u00f3 que se desplaz\u00f3 hasta el lugar a petici\u00f3n del primer ministro, S\u00e9bastien Lecornu.<\/p>\n\n\n\n<p>Por su parte, el\u00a0fiscal Arnaud Laraize\u00a0recalc\u00f3 que las acciones del sospechoso fueron\u00a0premeditadas. \u201cEn el momento de su detenci\u00f3n grit\u00f3\u00a0\u2018Allahu Akbar\u2019 [Al\u00e1 es grande]. Sin embargo, el m\u00f3vil a\u00fan no se confirm\u00f3 y la investigaci\u00f3n deber\u00e1 esclarecerlo\u201d, sostuvo, seg\u00fan el diario franc\u00e9s le figaro.<\/p>\n\n\n\n<p>De acuerdo con el mismo medio,\u00a0el detenido es un hombre de 35 a\u00f1os que vive en un peque\u00f1o pueblo de pescadores a unos cuatro kil\u00f3metros del lugar del atropello. Tiene antecedentes por delitos menores, entre ellos por comportamiento err\u00e1tico y consumo de drogas y alcohol.<\/p>\n\n\n\n<p>Una fuente cercana al caso se\u00f1al\u00f3 que el hombre atropell\u00f3 deliberadamente con su veh\u00edculo\u00a0a las v\u00edctimas\u00a0a lo largo de varios kil\u00f3metros\u00a0en una\u00a0ruta principal de la pintoresca isla, situada al oeste del pa\u00eds. Otra cont\u00f3 al diario le perisen\u00a0que, al momento de la detenci\u00f3n, la Polic\u00eda utiliz\u00f3 una\u00a0pistola Taser\u00a0para neutralizar al sospechoso, que acababa de incendiar su coche.<\/p>\n\n\n\n<p>En tanto, el alcalde de Saint-Pierre-d\u2019Ol\u00e9ron,\u00a0Christophe Sueur, indic\u00f3 en declaraciones concedidas a la cadena de televisi\u00f3n frances<em>a BFM TV\u00a0<\/em>que el conductor\u00a0atropell\u00f3 \u201cde forma deliberada\u201d a \u201ctodas las personas a las que pudo encontrar\u201d\u00a0y que despu\u00e9s\u00a0\u201cprendi\u00f3 fuego intencionadamente su veh\u00edculo\u201d.<\/p>\n\n\n\n<p>Asimismo, asegur\u00f3 que el hombre \u201ces conocido\u201d por los oficiales por \u201cproblemas de\u00a0alcoholemia y drogas\u201d.<\/p>\n","protected":false},"excerpt":{"rendered":"<p>Par\u00eds al menos\u00a0diez personas\u00a0resultaron\u00a0heridas\u00a0este mi\u00e9rcoles tras un\u00a0atropello que se presume habr\u00eda sido intencional\u00a0en la\u00a0isla de Ol\u00e9ron, situada en la costa atl\u00e1ntica del departamento del Charente Mar\u00edtimo, en Francia. Este incidente dej\u00f3 al menos\u00a0diez personas lesionadas, cuatro de ellas\u00a0cr\u00edticas,\u00a0y llev\u00f3 a la\u00a0Fiscal\u00eda Antiterrorista\u00a0a abrir una investigaci\u00f3n. Cuando termin\u00f3 el ataque, el sospechoso\u00a0prendi\u00f3 fuego su coche\u00a0-un Honda [&hellip;]<\/p>\n","protected":false},"author":2,"featured_media":14038,"comment_status":"open","ping_status":"open","sticky":false,"template":"","format":"standard","meta":{"footnotes":""},"categories":[25],"tags":[],"class_list":{"0":"post-14037","1":"post","2":"type-post","3":"status-publish","4":"format-standard","5":"has-post-thumbnail","7":"category-internacionales"},"aioseo_notices":[],"_links":{"self":[{"href":"https:\/\/lalupa24.com.ar\/index.php\/wp-json\/wp\/v2\/posts\/14037","targetHints":{"allow":["GET"]}}],"collection":[{"href":"https:\/\/lalupa24.com.ar\/index.php\/wp-json\/wp\/v2\/posts"}],"about":[{"href":"https:\/\/lalupa24.com.ar\/index.php\/wp-json\/wp\/v2\/types\/post"}],"author":[{"embeddable":true,"href":"https:\/\/lalupa24.com.ar\/index.php\/wp-json\/wp\/v2\/users\/2"}],"replies":[{"embeddable":true,"href":"https:\/\/lalupa24.com.ar\/index.php\/wp-json\/wp\/v2\/comments?post=14037"}],"version-history":[{"count":1,"href":"https:\/\/lalupa24.com.ar\/index.php\/wp-json\/wp\/v2\/posts\/14037\/revisions"}],"predecessor-version":[{"id":14039,"href":"https:\/\/lalupa24.com.ar\/index.php\/wp-json\/wp\/v2\/posts\/14037\/revisions\/14039"}],"wp:featuredmedia":[{"embeddable":true,"href":"https:\/\/lalupa24.com.ar\/index.php\/wp-json\/wp\/v2\/media\/14038"}],"wp:attachment":[{"href":"https:\/\/lalupa24.com.ar\/index.php\/wp-json\/wp\/v2\/media?parent=14037"}],"wp:term":[{"taxonomy":"category","embeddable":true,"href":"https:\/\/lalupa24.com.ar\/index.php\/wp-json\/wp\/v2\/categories?post=14037"},{"taxonomy":"post_tag","embeddable":true,"href":"https:\/\/lalupa24.com.ar\/index.php\/wp-json\/wp\/v2\/tags?post=14037"}],"curies":[{"name":"wp","href":"https:\/\/api.w.org\/{rel}","templated":true}]}}