{"id":14080,"date":"2025-11-07T12:03:28","date_gmt":"2025-11-07T15:03:28","guid":{"rendered":"https:\/\/lalupa24.com.ar\/?p=14080"},"modified":"2025-11-07T12:03:30","modified_gmt":"2025-11-07T15:03:30","slug":"milei-cierra-la-gira-en-ee-uu-en-el-council-de-las-americas-y-viaja-a-bolivia-para-la-asuncion-de-rodrigo-paz","status":"publish","type":"post","link":"https:\/\/lalupa24.com.ar\/index.php\/2025\/11\/07\/milei-cierra-la-gira-en-ee-uu-en-el-council-de-las-americas-y-viaja-a-bolivia-para-la-asuncion-de-rodrigo-paz\/","title":{"rendered":"Milei cierra la gira en EE.UU. en el Council de las Americas y viaja a Bolivia para la asunci\u00f3n de Rodrigo Paz"},"content":{"rendered":"\n<p>El mandatario disertar\u00e1 en el conversatorio \u201cNuevas oportunidades de inversi\u00f3n en Argentina\u201d. De madrugada partir\u00e1 a El Alto. La agenda en Bolivia.<\/p>\n\n\n\n<p>El presidente Javier Milei cierra su decimocuarta visita a Estados Unidos con su disertaci\u00f3n en el Council de las Am\u00e9ricas y partir\u00e1, de madrugada, a Bolivia para participar de la ceremonia de asunci\u00f3n de su par Rodrigo Paz Pereira.<\/p>\n\n\n\n<p>Este mediod\u00eda, el mandatario participar\u00e1 del conversatorio \u201cNuevas oportunidades de inversi\u00f3n en Argentina\u201d, en el marco del Council de las Am\u00e9ricas, que se celebra por estas fechas en Nueva York. Pese a que no figura en agenda, el jefe de Estado se tomar\u00e1 algunos minutos de su d\u00eda para visitar &#8220;El Ohel&#8221;, la tumba del rabino Menachem Mendel Schneerson, conocido como &#8220;el rebe de Lubavitch&#8221;.<\/p>\n\n\n\n<p>No es la primera vez que la frecuenta sino que configura una tradici\u00f3n personal del libertario. En esta oportunidad, lo har\u00e1 para agradecer por su triunfo electoral de La Libertad Avanza (LLA) del pasado 26 de octubre.<\/p>\n\n\n\n<p>Por la tarde, a las 19, hora local, la delegaci\u00f3n argentina partir\u00e1 en un vuelo espacio hacia la ciudad de Santa Cruz de la Sierra, en Bolivia.<\/p>\n\n\n\n<p>Est\u00e1 previsto que la comitiva arribe a suelo boliviano a las 3 del s\u00e1bado 8 de noviembre, con intenci\u00f3n de volver a trasladarse con destino a la ciudad de El Alto a las 9.30. All\u00ed, a las 11, participar\u00e1 de la Sesi\u00f3n Inaugural de la Asamblea Nacional Legislativa Plurinacional.<\/p>\n\n\n\n<p>En agenda, tambi\u00e9n est\u00e1 previsto que salude a Rodrigo Paz Pereira, en la previa a la ceremonia de entrega del bast\u00f3n de mando. A las 14, emprender\u00e1 el vuelo de regreso al pa\u00eds, donde se espera que el avi\u00f3n aterrice en la Ciudad de Buenos Aires a las 17.35.<\/p>\n","protected":false},"excerpt":{"rendered":"<p>El mandatario disertar\u00e1 en el conversatorio \u201cNuevas oportunidades de inversi\u00f3n en Argentina\u201d. De madrugada partir\u00e1 a El Alto. La agenda en Bolivia. El presidente Javier Milei cierra su decimocuarta visita a Estados Unidos con su disertaci\u00f3n en el Council de las Am\u00e9ricas y partir\u00e1, de madrugada, a Bolivia para participar de la ceremonia de asunci\u00f3n [&hellip;]<\/p>\n","protected":false},"author":11,"featured_media":14081,"comment_status":"open","ping_status":"open","sticky":false,"template":"","format":"standard","meta":{"footnotes":""},"categories":[26],"tags":[],"class_list":{"0":"post-14080","1":"post","2":"type-post","3":"status-publish","4":"format-standard","5":"has-post-thumbnail","7":"category-nacionales"},"aioseo_notices":[],"_links":{"self":[{"href":"https:\/\/lalupa24.com.ar\/index.php\/wp-json\/wp\/v2\/posts\/14080","targetHints":{"allow":["GET"]}}],"collection":[{"href":"https:\/\/lalupa24.com.ar\/index.php\/wp-json\/wp\/v2\/posts"}],"about":[{"href":"https:\/\/lalupa24.com.ar\/index.php\/wp-json\/wp\/v2\/types\/post"}],"author":[{"embeddable":true,"href":"https:\/\/lalupa24.com.ar\/index.php\/wp-json\/wp\/v2\/users\/11"}],"replies":[{"embeddable":true,"href":"https:\/\/lalupa24.com.ar\/index.php\/wp-json\/wp\/v2\/comments?post=14080"}],"version-history":[{"count":1,"href":"https:\/\/lalupa24.com.ar\/index.php\/wp-json\/wp\/v2\/posts\/14080\/revisions"}],"predecessor-version":[{"id":14082,"href":"https:\/\/lalupa24.com.ar\/index.php\/wp-json\/wp\/v2\/posts\/14080\/revisions\/14082"}],"wp:featuredmedia":[{"embeddable":true,"href":"https:\/\/lalupa24.com.ar\/index.php\/wp-json\/wp\/v2\/media\/14081"}],"wp:attachment":[{"href":"https:\/\/lalupa24.com.ar\/index.php\/wp-json\/wp\/v2\/media?parent=14080"}],"wp:term":[{"taxonomy":"category","embeddable":true,"href":"https:\/\/lalupa24.com.ar\/index.php\/wp-json\/wp\/v2\/categories?post=14080"},{"taxonomy":"post_tag","embeddable":true,"href":"https:\/\/lalupa24.com.ar\/index.php\/wp-json\/wp\/v2\/tags?post=14080"}],"curies":[{"name":"wp","href":"https:\/\/api.w.org\/{rel}","templated":true}]}}