{"id":14105,"date":"2025-11-10T12:31:52","date_gmt":"2025-11-10T15:31:52","guid":{"rendered":"https:\/\/lalupa24.com.ar\/?p=14105"},"modified":"2025-11-10T12:31:53","modified_gmt":"2025-11-10T15:31:53","slug":"las-brenas-el-conductor-del-auto-involucrado-en-el-accidente-dios-positivo-en-alcoholemia","status":"publish","type":"post","link":"https:\/\/lalupa24.com.ar\/index.php\/2025\/11\/10\/las-brenas-el-conductor-del-auto-involucrado-en-el-accidente-dios-positivo-en-alcoholemia\/","title":{"rendered":"Las Bre\u00f1as, el conductor del auto involucrado en el accidente dios positivo en alcoholemia"},"content":{"rendered":"\n<p>El siniestro se registr\u00f3 alrededor de las 20, cuando un motociclista que circulaba en una Honda Biz 125 roja colision\u00f3 contra un autom\u00f3vil Toyota Corolla blanco. El conductor de la moto fue trasladado inconsciente al hospital local, donde m\u00e1s tarde se confirm\u00f3 su fallecimiento a causa de un traumatismo de cr\u00e1neo.<\/p>\n\n\n\n<p>El conductor del autom\u00f3vil se hab\u00eda retirado del lugar, pero tras un operativo cerrojo fue localizado en calle \u00c1rbol y Blanco, entre Sarmiento y Soldado Argentino. Se trataba de un hombre de 54 a\u00f1os. Ambos veh\u00edculos fueron secuestrados, ya que no se encontraban en el sitio exacto del impacto. Intervino la Divisi\u00f3n Criminal\u00edstica de Charata, junto al Gabinete Cient\u00edfico del Poder Judicial y personal de Tr\u00e1nsito Urbano y Patrulla Vial. Al realizarle el test de alcoholemia al conductor del veh\u00edculo, el resultado arroj\u00f3 1,36 g\/l de alcohol en sangre, valor superior al permitido por la ley.<\/p>\n\n\n\n<p>Por disposici\u00f3n de la Fiscal\u00eda de turno, el hombre fue notificado de su aprehensi\u00f3n por Supuesto Homicidio Culposo, y los rodados quedaron secuestrados. El cuerpo de la v\u00edctima fue examinado por el m\u00e9dico forense y posteriormente entregado a sus familiares.<\/p>\n","protected":false},"excerpt":{"rendered":"<p>El siniestro se registr\u00f3 alrededor de las 20, cuando un motociclista que circulaba en una Honda Biz 125 roja colision\u00f3 contra un autom\u00f3vil Toyota Corolla blanco. El conductor de la moto fue trasladado inconsciente al hospital local, donde m\u00e1s tarde se confirm\u00f3 su fallecimiento a causa de un traumatismo de cr\u00e1neo. El conductor del autom\u00f3vil [&hellip;]<\/p>\n","protected":false},"author":2,"featured_media":14108,"comment_status":"open","ping_status":"open","sticky":false,"template":"","format":"standard","meta":{"footnotes":""},"categories":[27,155],"tags":[],"class_list":{"0":"post-14105","1":"post","2":"type-post","3":"status-publish","4":"format-standard","5":"has-post-thumbnail","7":"category-interior","8":"category-policiales"},"aioseo_notices":[],"_links":{"self":[{"href":"https:\/\/lalupa24.com.ar\/index.php\/wp-json\/wp\/v2\/posts\/14105","targetHints":{"allow":["GET"]}}],"collection":[{"href":"https:\/\/lalupa24.com.ar\/index.php\/wp-json\/wp\/v2\/posts"}],"about":[{"href":"https:\/\/lalupa24.com.ar\/index.php\/wp-json\/wp\/v2\/types\/post"}],"author":[{"embeddable":true,"href":"https:\/\/lalupa24.com.ar\/index.php\/wp-json\/wp\/v2\/users\/2"}],"replies":[{"embeddable":true,"href":"https:\/\/lalupa24.com.ar\/index.php\/wp-json\/wp\/v2\/comments?post=14105"}],"version-history":[{"count":1,"href":"https:\/\/lalupa24.com.ar\/index.php\/wp-json\/wp\/v2\/posts\/14105\/revisions"}],"predecessor-version":[{"id":14109,"href":"https:\/\/lalupa24.com.ar\/index.php\/wp-json\/wp\/v2\/posts\/14105\/revisions\/14109"}],"wp:featuredmedia":[{"embeddable":true,"href":"https:\/\/lalupa24.com.ar\/index.php\/wp-json\/wp\/v2\/media\/14108"}],"wp:attachment":[{"href":"https:\/\/lalupa24.com.ar\/index.php\/wp-json\/wp\/v2\/media?parent=14105"}],"wp:term":[{"taxonomy":"category","embeddable":true,"href":"https:\/\/lalupa24.com.ar\/index.php\/wp-json\/wp\/v2\/categories?post=14105"},{"taxonomy":"post_tag","embeddable":true,"href":"https:\/\/lalupa24.com.ar\/index.php\/wp-json\/wp\/v2\/tags?post=14105"}],"curies":[{"name":"wp","href":"https:\/\/api.w.org\/{rel}","templated":true}]}}