{"id":1412,"date":"2024-05-25T19:12:16","date_gmt":"2024-05-25T22:12:16","guid":{"rendered":"https:\/\/lalupa24.com.ar\/?p=1412"},"modified":"2024-05-25T19:12:16","modified_gmt":"2024-05-25T22:12:16","slug":"general-pinedo-el-ejecutivo-provincial-acompano-el-acto-patrio-y-el-aniversario-112-de-la-localidad","status":"publish","type":"post","link":"https:\/\/lalupa24.com.ar\/index.php\/2024\/05\/25\/general-pinedo-el-ejecutivo-provincial-acompano-el-acto-patrio-y-el-aniversario-112-de-la-localidad\/","title":{"rendered":"General Pinedo: el ejecutivo provincial acompa\u00f1\u00f3 el acto patrio y el aniversario 112 de la localidad"},"content":{"rendered":"\n<p>En esta fecha tan importante, en la localidad de General Pinedo, asisti\u00f3 al acto, en representaci\u00f3n del Ejecutivo Provincial, la subsecretaria de Municipio, Gabriela Galarza, acompa\u00f1ada por Gustavo Teijeiro, vicepresidente de COLONO y Marcelo \u201cRuso\u201d Agustinelli, vocal del IIFA (Instituto de Investigaciones Forestales y Agropecuarias) para participar de un nuevo aniversario de la Revoluci\u00f3n de Mayo, como as\u00ed tambi\u00e9n, por el cumplea\u00f1os 112 de la localidad.<\/p>\n\n\n\n<p>El acto cont\u00f3 con la participaci\u00f3n de la comunidad, a trav\u00e9s de un gran desfile y de los bailes tradicionales, en la plaza central. En este sentido, la subsecretaria de Municipio, Gabriela Galarza, expres\u00f3: \u201cEstamos muy contentos de acompa\u00f1ar a la comunidad de General Pinedo en esta fecha tan significativa, traemos el saludo del Gobernador Leandro Zdero, en esta celebraci\u00f3n del aniversario 112, coincidente en esta hermosa ma\u00f1ana, con el acto patrio por la Revoluci\u00f3n de Mayo. Estamos cerca de todos los chaque\u00f1os como lo demuestra nuestro Gobernador; hoy con un c\u00e1lido recibimiento que invita a celebrar la historia de una comunidad unida al trabajo, al esfuerzo, a las luchas y a la entrega cotidiana con la tarea silenciosa de los hombres y mujeres que la construyeron. Felicitamos a Pinedo, una comunidad visionaria, que pudo generar y sostener la oportunidad de acceder a la Universidad a los j\u00f3venes del sudoeste chaque\u00f1o y zonas de influencia, marcando un norte que lo distingue\u201d.<\/p>\n\n\n\n<p>En el acto, tambi\u00e9n se encontraban presentes concejales del actual Municipio, el intendente local Franco Ciucci, el ex intendente Juan Antonio Reschini; Integrantes de las Fuerzas de Seguridad, Instituciones, Escuelas y vecinos de la zona.<\/p>\n","protected":false},"excerpt":{"rendered":"<p>En esta fecha tan importante, en la localidad de General Pinedo, asisti\u00f3 al acto, en representaci\u00f3n del Ejecutivo Provincial, la subsecretaria de Municipio, Gabriela Galarza, acompa\u00f1ada por Gustavo Teijeiro, vicepresidente de COLONO y Marcelo \u201cRuso\u201d Agustinelli, vocal del IIFA (Instituto de Investigaciones Forestales y Agropecuarias) para participar de un nuevo aniversario de la Revoluci\u00f3n de [&hellip;]<\/p>\n","protected":false},"author":2,"featured_media":1413,"comment_status":"open","ping_status":"open","sticky":false,"template":"","format":"standard","meta":{"footnotes":""},"categories":[27],"tags":[],"class_list":{"0":"post-1412","1":"post","2":"type-post","3":"status-publish","4":"format-standard","5":"has-post-thumbnail","7":"category-interior"},"aioseo_notices":[],"_links":{"self":[{"href":"https:\/\/lalupa24.com.ar\/index.php\/wp-json\/wp\/v2\/posts\/1412","targetHints":{"allow":["GET"]}}],"collection":[{"href":"https:\/\/lalupa24.com.ar\/index.php\/wp-json\/wp\/v2\/posts"}],"about":[{"href":"https:\/\/lalupa24.com.ar\/index.php\/wp-json\/wp\/v2\/types\/post"}],"author":[{"embeddable":true,"href":"https:\/\/lalupa24.com.ar\/index.php\/wp-json\/wp\/v2\/users\/2"}],"replies":[{"embeddable":true,"href":"https:\/\/lalupa24.com.ar\/index.php\/wp-json\/wp\/v2\/comments?post=1412"}],"version-history":[{"count":1,"href":"https:\/\/lalupa24.com.ar\/index.php\/wp-json\/wp\/v2\/posts\/1412\/revisions"}],"predecessor-version":[{"id":1414,"href":"https:\/\/lalupa24.com.ar\/index.php\/wp-json\/wp\/v2\/posts\/1412\/revisions\/1414"}],"wp:featuredmedia":[{"embeddable":true,"href":"https:\/\/lalupa24.com.ar\/index.php\/wp-json\/wp\/v2\/media\/1413"}],"wp:attachment":[{"href":"https:\/\/lalupa24.com.ar\/index.php\/wp-json\/wp\/v2\/media?parent=1412"}],"wp:term":[{"taxonomy":"category","embeddable":true,"href":"https:\/\/lalupa24.com.ar\/index.php\/wp-json\/wp\/v2\/categories?post=1412"},{"taxonomy":"post_tag","embeddable":true,"href":"https:\/\/lalupa24.com.ar\/index.php\/wp-json\/wp\/v2\/tags?post=1412"}],"curies":[{"name":"wp","href":"https:\/\/api.w.org\/{rel}","templated":true}]}}