{"id":1415,"date":"2024-05-25T22:08:07","date_gmt":"2024-05-26T01:08:07","guid":{"rendered":"https:\/\/lalupa24.com.ar\/?p=1415"},"modified":"2024-06-06T17:02:00","modified_gmt":"2024-06-06T20:02:00","slug":"el-pueblo-de-resistencia-se-volco-de-lleno-a-celebrar-la-revolucion-de-mayo","status":"publish","type":"post","link":"https:\/\/lalupa24.com.ar\/index.php\/2024\/05\/25\/el-pueblo-de-resistencia-se-volco-de-lleno-a-celebrar-la-revolucion-de-mayo\/","title":{"rendered":"El pueblo de resistencia se volc\u00f3 de lleno a celebrar la revoluci\u00f3n de mayo"},"content":{"rendered":"\n<p><\/p>\n\n\n\n<p>Con un marcado sentimiento patri\u00f3tico, Resistencia celebr\u00f3 el 214\u00b0 aniversario de la Revoluci\u00f3n de Mayo con un emotivo acto protocolar y desfile c\u00edvico en la plaza central de la ciudad. En un trabajo articulado entre la Direcci\u00f3n Regional Educativa y la Comisi\u00f3n Permanente de Fiestas Patrias de la Municipalidad capitalina, la ceremonia se inici\u00f3 con el izamiento de la Ense\u00f1a Nacional en el M\u00e1stil Mayor, a cargo del intendente Roy Nikisch.<\/p>\n\n\n\n<p>Acompa\u00f1aron el acto la presidenta del Superior Tribunal de Justicia, Iride Isabel Mar\u00eda Grillo, los ministros de Seguridad, Hugo Matkovich, de Desarrollo Humano, Carina Botteri Disoff y de Educaci\u00f3n, Sof\u00eda Naidenoff, el presidente del Concejo Municipal de Resistencia, Alejandro Aradas, ediles y dem\u00e1s funcionarios comunales como provinciales.<\/p>\n\n\n\n<p>Con la canci\u00f3n Aurora y la Marcha de San Lorenzo, la Banda Municipal de M\u00fasica \u201cLuis Omobono Gusberti\u201d acompa\u00f1\u00f3 al peque\u00f1o desfile alrededor del M\u00e1stil Mayor, por donde pasaron instituciones educativas, colectividades, integrantes de fuerzas armadas y seguridad y los h\u00e9roes de Malvinas.<\/p>\n\n\n\n<p>Posteriormente se realiz\u00f3 el tradicional Tedeum en la Iglesia Catedral, misa oficiada por el Arzobispo de Resistencia, monse\u00f1or Ram\u00f3n Dus para luego regresar a la intersecci\u00f3n de calles Frondizi y G\u00fcemes, frente a la Plaza 25 de Mayo, para dar lugar al colorido desfile c\u00edvico que congreg\u00f3 a gran cantidad de participantes, acompa\u00f1ados por la comunidad que se sum\u00f3 a una de las principales celebraciones patrias de la Rep\u00fablica Argentina.<\/p>\n\n\n\n<p>Como parte del acto, el jefe comunal entreg\u00f3 una plaqueta a representantes de la Comisi\u00f3n de Fiestas y Conmemoraciones Patrias, en reconocimiento a los 40 a\u00f1os de labor.<\/p>\n\n\n\n<p>Desde escuelas primarias y secundarias, hasta representantes de colectividades, religiosos y deportivos, dijeron presente en esta manifestaci\u00f3n que une a los argentinos.<\/p>\n\n\n\n<p>As\u00ed lo vio la docente jubilada Mar\u00eda Emilia Yurkevich, quien particip\u00f3 del desfile representando a sus amigos de la colectividad hel\u00e9nica: \u201cSiempre dije que debemos defender todo lo que nos dejaron, no hubi\u00e9ramos sido libres sino fuera por ellos\u201d.<\/p>\n\n\n\n<p>Por la juventud habl\u00f3 Nathaniel N\u00fa\u00f1ez: \u201cAcompa\u00f1amos a los j\u00f3venes del colegio Don Bosco en este d\u00eda patrio tan especial\u201d.<\/p>\n\n\n\n<p>\u201cNos embarga mucha emoci\u00f3n estar en esta fiesta y nos trae recuerdos de nuestra \u00e9poca, la piel se eriza\u201d, agreg\u00f3.<\/p>\n\n\n\n<p>Mientras que Manuel Flores, presidente de la fundaci\u00f3n \u201cUni\u00f3n de Colectividades del Chaco\u201d, se\u00f1al\u00f3 que \u201c\u201ddecimos presentes en este nuevo festejo con mucho fervor, acompa\u00f1amos a la celeste y blanca con este mosaico de culturas, este crisol de razas que es nuestra provincia y el pa\u00eds\u201d.<\/p>\n","protected":false},"excerpt":{"rendered":"<p>Con un marcado sentimiento patri\u00f3tico, Resistencia celebr\u00f3 el 214\u00b0 aniversario de la Revoluci\u00f3n de Mayo con un emotivo acto protocolar y desfile c\u00edvico en la plaza central de la ciudad. En un trabajo articulado entre la Direcci\u00f3n Regional Educativa y la Comisi\u00f3n Permanente de Fiestas Patrias de la Municipalidad capitalina, la ceremonia se inici\u00f3 con [&hellip;]<\/p>\n","protected":false},"author":2,"featured_media":1416,"comment_status":"open","ping_status":"open","sticky":false,"template":"","format":"standard","meta":{"footnotes":""},"categories":[28],"tags":[],"class_list":{"0":"post-1415","1":"post","2":"type-post","3":"status-publish","4":"format-standard","5":"has-post-thumbnail","7":"category-locales"},"aioseo_notices":[],"_links":{"self":[{"href":"https:\/\/lalupa24.com.ar\/index.php\/wp-json\/wp\/v2\/posts\/1415","targetHints":{"allow":["GET"]}}],"collection":[{"href":"https:\/\/lalupa24.com.ar\/index.php\/wp-json\/wp\/v2\/posts"}],"about":[{"href":"https:\/\/lalupa24.com.ar\/index.php\/wp-json\/wp\/v2\/types\/post"}],"author":[{"embeddable":true,"href":"https:\/\/lalupa24.com.ar\/index.php\/wp-json\/wp\/v2\/users\/2"}],"replies":[{"embeddable":true,"href":"https:\/\/lalupa24.com.ar\/index.php\/wp-json\/wp\/v2\/comments?post=1415"}],"version-history":[{"count":1,"href":"https:\/\/lalupa24.com.ar\/index.php\/wp-json\/wp\/v2\/posts\/1415\/revisions"}],"predecessor-version":[{"id":1417,"href":"https:\/\/lalupa24.com.ar\/index.php\/wp-json\/wp\/v2\/posts\/1415\/revisions\/1417"}],"wp:featuredmedia":[{"embeddable":true,"href":"https:\/\/lalupa24.com.ar\/index.php\/wp-json\/wp\/v2\/media\/1416"}],"wp:attachment":[{"href":"https:\/\/lalupa24.com.ar\/index.php\/wp-json\/wp\/v2\/media?parent=1415"}],"wp:term":[{"taxonomy":"category","embeddable":true,"href":"https:\/\/lalupa24.com.ar\/index.php\/wp-json\/wp\/v2\/categories?post=1415"},{"taxonomy":"post_tag","embeddable":true,"href":"https:\/\/lalupa24.com.ar\/index.php\/wp-json\/wp\/v2\/tags?post=1415"}],"curies":[{"name":"wp","href":"https:\/\/api.w.org\/{rel}","templated":true}]}}