{"id":14171,"date":"2025-11-10T13:26:06","date_gmt":"2025-11-10T16:26:06","guid":{"rendered":"https:\/\/lalupa24.com.ar\/?p=14171"},"modified":"2025-11-10T13:26:07","modified_gmt":"2025-11-10T16:26:07","slug":"santilli-cornejo-y-los-menem-bajo-la-tension-de-sacar-las-reformas","status":"publish","type":"post","link":"https:\/\/lalupa24.com.ar\/index.php\/2025\/11\/10\/santilli-cornejo-y-los-menem-bajo-la-tension-de-sacar-las-reformas\/","title":{"rendered":"Santilli, Cornejo y los Menem, bajo la tensi\u00f3n de sacar las reformas"},"content":{"rendered":"\n<p>Los gobernadores est\u00e1n entusiasmados con Diego Santilli, pero esperan que tenga un margen real de maniobra para acordar con las provincias y no herede la suerte de Guillermo Francos. &#8220;La pregunta es si Francos fracas\u00f3 por culpa de \u00e9l o porque no le dieron los fierros para tener \u00e9xito&#8221;, se pregunta ret\u00f3rico un gobernador, en di\u00e1logo con LPO.<\/p>\n\n\n\n<p>Con esa inquietud, los gobernadores trataron de leer las primeras reuniones: Santilli hered\u00f3 el mismo ministerio despojado de Lisandro Catal\u00e1n y en las primeras reuniones apareci\u00f3 el karinista Manuel Adorni.&nbsp;&#8220;Diego invit\u00f3 a Adorni a la reuni\u00f3n con Nacho Torres y lo va a seguir invitando, comparten la planta baja de la Casa Rosada y quiere hacerlo parte, su \u00fanica prioridad es sacar las reformas que le pidi\u00f3 Milei&#8221;, explic\u00f3 a LPO un colaborador del flamante ministro del Interior.&nbsp;<\/p>\n\n\n\n<p>Santilli tiene muy buen di\u00e1logo con Lule Menem, lo que garantiza una llegada directa a Karina y buena sinton\u00eda en la C\u00e1mara de Diputados, que se vio en el triunfo politico\u00a0de conseguir el dictamen de Presupuesto. Pero tambi\u00e9n genera tensi\u00f3n con los gobernadores aliados, que resisten a los Menem. Incluso Alfredo Cornejo, aliado absoluto de la Rosada que comparti\u00f3 boleta con La Libertad Avanza, se pele\u00f3 a los gritos con Mart\u00edn Menem.<\/p>\n\n\n\n<p>La llegada de Santilli le dio confianza al sistema pol\u00edtico, pero eso s\u00f3lo seguir\u00e1 vigente si puede tomar decisiones. &#8220;Santilli es confiable para el sistema, pero esa confianza se basa en que tenga autonom\u00eda y fierros&#8221;, agreg\u00f3 el gobernador consultado. En los primeros dos a\u00f1os de mandato de Milei, Francos tuvo decenas de reuniones con los gobernadores en las que s\u00f3lo sirvi\u00f3 de mensajero, porque los reclamos provinciales chocaban con Toto Caputo. Ahora, esperan que con Santilli esa situaci\u00f3n se modifique<\/p>\n\n\n\n<p>Por eso, Santilli decidi\u00f3 iniciar su gesti\u00f3n reuni\u00e9ndose personalmente con cada gobernador para tomar nota de todos los pedidos. Una vez que completa la ronda se sentar\u00e1 con Toto Caputo a ver que es posible conceder. &#8220;Algo les tenemos que dar, ni todo lo que piden, ni nada&#8221;, reconocen en el Ministerio del Interior.<\/p>\n\n\n\n<p>Los gobernadores no se quedan cortos con los pedidos. Luego de la reuni\u00f3n, el chubutense Nacho Torres anunci\u00f3 a los medios que hab\u00eda pedido la eliminaci\u00f3n de las retenciones para el petr\u00f3leo. Y el Cordob\u00e9s Mart\u00edn Llaryora anticip\u00f3 a tra\u00e9s de la tapa de la voz, que este lunes le pedir\u00e1 a Santilli por la deuda de la Caja de Jubilaciones, los ATN y las obras.<\/p>\n\n\n\n<p>Los gobernadores y el PRO juegan con sus diputados, saben que el Gobierno a\u00fan con la nueva C\u00e1mara, est\u00e1 lejos de sancionar las reformas s\u00f3lo.&nbsp; &#8220;Lo que les falta es poco y es mucho&#8221;, sintetiz\u00f3 un importante diputado ante LPO. &#8220;Si el gobierno se mueve con inteligencia, abre el di\u00e1logo y cumple los acuerdos, las reformas pueden pasar&#8221;, agreg\u00f3.<\/p>\n\n\n\n<p>El gobierno necesita a los 15 diputados del PRO que quedar\u00e1n en el bloque presidido por Cristian Ritondo y a los 15 que reportan al bloque de los gobernadores de Provincias Unidas. Los libertarios est\u00e1n hoy en 85 diputados, por lo que sin ayuda de estos bloques no pueden ni garantizar la supervivencia de los decretos de Milei.<\/p>\n\n\n\n<p>En el gobierno son conscientes que el enojo de Macri por el destrato que sufri\u00f3 en la cena con Milei en Olivos tendr\u00e1 un impacto en las negociaciones. &#8220;En alg\u00fan momento se la va a cobrar&#8221;, comentan resignados.<\/p>\n\n\n\n<p>Con los gobernadores tampoco es un jard\u00edn de rosas, aunque lo parezca. Luego del triunfo libertario en las elecciones, los gobernadores s\u00f3lo moderaron sus declaraciones y dir\u00e1n cosas amigables, pero no est\u00e1n dispuestos a acompa\u00f1ar con los votos de sus legisladores si las provincias no son retribuidas.&nbsp;<\/p>\n\n\n\n<p>Incluso, para matizar el efecto del triunfo electoral. Recuerdan la experiencia de Mauricio Macri, que tras ganar c\u00f3modamente las elecciones en octubre de 2017, en cuesti\u00f3n de meses dilapid\u00f3 su capital pol\u00edtico y su gobierno entr\u00f3 en una pendiente de la que no se recuper\u00f3 jam\u00e1s. &#8220;Milei tiene 100 d\u00edas, deber\u00eda aprovecharlos&#8221;, dijo a LPO un diputado macrista.<\/p>\n\n\n\n<p>Si Milei sigue en la misma senda que antes de las elecciones y contin\u00faa neg\u00e1ndoles recursos a las provincias, los gobernadores pueden votar en contra de las reformas. &#8220;Le pueden votar una ley y no mucho m\u00e1s&#8221;, agreg\u00f3 el diputado consultado.<\/p>\n\n\n\n<p><\/p>\n","protected":false},"excerpt":{"rendered":"<p>Los gobernadores est\u00e1n entusiasmados con Diego Santilli, pero esperan que tenga un margen real de maniobra para acordar con las provincias y no herede la suerte de Guillermo Francos. &#8220;La pregunta es si Francos fracas\u00f3 por culpa de \u00e9l o porque no le dieron los fierros para tener \u00e9xito&#8221;, se pregunta ret\u00f3rico un gobernador, en [&hellip;]<\/p>\n","protected":false},"author":2,"featured_media":14172,"comment_status":"open","ping_status":"open","sticky":false,"template":"","format":"standard","meta":{"footnotes":""},"categories":[26],"tags":[],"class_list":{"0":"post-14171","1":"post","2":"type-post","3":"status-publish","4":"format-standard","5":"has-post-thumbnail","7":"category-nacionales"},"aioseo_notices":[],"_links":{"self":[{"href":"https:\/\/lalupa24.com.ar\/index.php\/wp-json\/wp\/v2\/posts\/14171","targetHints":{"allow":["GET"]}}],"collection":[{"href":"https:\/\/lalupa24.com.ar\/index.php\/wp-json\/wp\/v2\/posts"}],"about":[{"href":"https:\/\/lalupa24.com.ar\/index.php\/wp-json\/wp\/v2\/types\/post"}],"author":[{"embeddable":true,"href":"https:\/\/lalupa24.com.ar\/index.php\/wp-json\/wp\/v2\/users\/2"}],"replies":[{"embeddable":true,"href":"https:\/\/lalupa24.com.ar\/index.php\/wp-json\/wp\/v2\/comments?post=14171"}],"version-history":[{"count":1,"href":"https:\/\/lalupa24.com.ar\/index.php\/wp-json\/wp\/v2\/posts\/14171\/revisions"}],"predecessor-version":[{"id":14173,"href":"https:\/\/lalupa24.com.ar\/index.php\/wp-json\/wp\/v2\/posts\/14171\/revisions\/14173"}],"wp:featuredmedia":[{"embeddable":true,"href":"https:\/\/lalupa24.com.ar\/index.php\/wp-json\/wp\/v2\/media\/14172"}],"wp:attachment":[{"href":"https:\/\/lalupa24.com.ar\/index.php\/wp-json\/wp\/v2\/media?parent=14171"}],"wp:term":[{"taxonomy":"category","embeddable":true,"href":"https:\/\/lalupa24.com.ar\/index.php\/wp-json\/wp\/v2\/categories?post=14171"},{"taxonomy":"post_tag","embeddable":true,"href":"https:\/\/lalupa24.com.ar\/index.php\/wp-json\/wp\/v2\/tags?post=14171"}],"curies":[{"name":"wp","href":"https:\/\/api.w.org\/{rel}","templated":true}]}}