{"id":14182,"date":"2025-11-10T18:50:52","date_gmt":"2025-11-10T21:50:52","guid":{"rendered":"https:\/\/lalupa24.com.ar\/?p=14182"},"modified":"2025-11-10T18:50:52","modified_gmt":"2025-11-10T21:50:52","slug":"el-principe-guillermo-lanza-una-alianza-internacional-para-proteger-a-los-defensores-indigenas-de-la-amazonia","status":"publish","type":"post","link":"https:\/\/lalupa24.com.ar\/index.php\/2025\/11\/10\/el-principe-guillermo-lanza-una-alianza-internacional-para-proteger-a-los-defensores-indigenas-de-la-amazonia\/","title":{"rendered":"El pr\u00edncipe Guillermo lanza una alianza internacional para proteger a los defensores ind\u00edgenas de la Amazon\u00eda"},"content":{"rendered":"\n<p>Durante su visita oficial a Brasil, el pr\u00edncipe Guillermo de Gales, heredero al trono brit\u00e1nico, anunci\u00f3 la creaci\u00f3n de una alianza internacional para fortalecer la protecci\u00f3n de los pueblos ind\u00edgenas de la Amazon\u00eda.<\/p>\n\n\n\n<p>El anuncio se realiz\u00f3 en R\u00edo de Janeiro, en el marco de la cuarta cumbre global de United for Wildlife, organizaci\u00f3n fundada por el propio pr\u00edncipe en 2013.<\/p>\n\n\n\n<p>El nuevo programa, denominado Protect the Protectors, tiene como objetivo garantizar la seguridad de los l\u00edderes ind\u00edgenas y defensores ambientales que enfrentan amenazas por parte de promotores de actividades ilegales como la tala indiscriminada y la miner\u00eda ilegal.<\/p>\n\n\n\n<p>La alianza incluye la colaboraci\u00f3n de:<\/p>\n\n\n\n<p>La iniciativa contempla:<\/p>\n\n\n\n<p>Acceso ampliado a asistencia legal para comunidades en riesgo.<\/p>\n\n\n\n<p>Fondo de respuesta de emergencia para evacuaciones urgentes, comunicaciones seguras, refugios y ayuda humanitaria.<\/p>\n\n\n\n<p>Mejora de sistemas de vigilancia y respuesta frente a la violencia en los nueve estados de la Amazon\u00eda brasile\u00f1a.<\/p>\n\n\n\n<p>\u201cNo podemos gestionar nuestros bosques mientras sus protectores vivan con miedo\u201d, afirm\u00f3 el pr\u00edncipe Guillermo ante m\u00e1s de 400 representantes de gobiernos, organizaciones y empresas.<\/p>\n\n\n\n<p>El pr\u00edncipe Guillermo lanza alianza para proteger a defensores ind\u00edgenas de la Amazon\u00eda<\/p>\n\n\n\n<p>Un modelo inspirado en \u00c1frica<\/p>\n\n\n\n<p>Seg\u00fan fuentes del Palacio de Kensington, el programa toma como referencia el sistema de seguros para guardabosques africanos anunciado por United for Wildlife en 2024 en Ciudad del Cabo.<\/p>\n\n\n\n<p>La idea central es trabajar en asociaci\u00f3n con las comunidades locales, fortaleciendo los sistemas liderados por los propios pueblos ind\u00edgenas, considerados guardianes naturales de la selva.<\/p>\n\n\n\n<p>\u201cPara nosotros el territorio es sagrado, une lo espiritual y lo material, y su defensa es una misi\u00f3n heredada de nuestros ancestrales\u201d, expresaron representantes ind\u00edgenas durante la cumbre.<\/p>\n\n\n\n<p>Contexto cr\u00edtico: 1,7 millones de hect\u00e1reas devastadas en 2024<\/p>\n\n\n\n<p>El anuncio llega en un momento alarmante: seg\u00fan datos de United for Wildlife, en lo que va de 2024 se han devastado m\u00e1s de 1,7 millones de hect\u00e1reas de selva amaz\u00f3nica, principalmente por delitos ambientales.<\/p>\n\n\n\n<p>Esta cifra refuerza la urgencia de proteger a quienes defienden el bosque, ya que sin ellos, la conservaci\u00f3n de la Amazon\u00eda se vuelve inviable.<\/p>\n\n\n\n<p>Agenda ambiental del pr\u00edncipe Guillermo en Brasil<\/p>\n\n\n\n<p>Durante su visita, el pr\u00edncipe tambi\u00e9n recorri\u00f3:<\/p>\n\n\n\n<p>La isla de Paquet\u00e1.<\/p>\n\n\n\n<p>Manglares protegidos en la Bah\u00eda de Guanabara, donde conoci\u00f3 proyectos de recuperaci\u00f3n ambiental.<\/p>\n\n\n\n<p>Adem\u00e1s, participar\u00e1 en:<\/p>\n\n\n\n<p>La gala de entrega de los premios Earthshot, de los que es patrono.<\/p>\n\n\n\n<p>La Cumbre de la COP30 en Bel\u00e9m, donde se debatir\u00e1 el futuro de la acci\u00f3n clim\u00e1tica global.<\/p>\n\n\n\n<p>Proteger a quienes protegen<\/p>\n\n\n\n<p>La alianza internacional anunciada por el pr\u00edncipe Guillermo representa un paso significativo hacia la justicia ambiental y la defensa de los derechos ind\u00edgenas. En un contexto de creciente violencia y destrucci\u00f3n ecol\u00f3gica, cuidar a los protectores del bosque es esencial para preservar los territorios que ellos defienden.<\/p>\n","protected":false},"excerpt":{"rendered":"<p>Durante su visita oficial a Brasil, el pr\u00edncipe Guillermo de Gales, heredero al trono brit\u00e1nico, anunci\u00f3 la creaci\u00f3n de una alianza internacional para fortalecer la protecci\u00f3n de los pueblos ind\u00edgenas de la Amazon\u00eda. El anuncio se realiz\u00f3 en R\u00edo de Janeiro, en el marco de la cuarta cumbre global de United for Wildlife, organizaci\u00f3n fundada [&hellip;]<\/p>\n","protected":false},"author":11,"featured_media":14183,"comment_status":"open","ping_status":"open","sticky":false,"template":"","format":"standard","meta":{"footnotes":""},"categories":[25],"tags":[],"class_list":{"0":"post-14182","1":"post","2":"type-post","3":"status-publish","4":"format-standard","5":"has-post-thumbnail","7":"category-internacionales"},"aioseo_notices":[],"_links":{"self":[{"href":"https:\/\/lalupa24.com.ar\/index.php\/wp-json\/wp\/v2\/posts\/14182","targetHints":{"allow":["GET"]}}],"collection":[{"href":"https:\/\/lalupa24.com.ar\/index.php\/wp-json\/wp\/v2\/posts"}],"about":[{"href":"https:\/\/lalupa24.com.ar\/index.php\/wp-json\/wp\/v2\/types\/post"}],"author":[{"embeddable":true,"href":"https:\/\/lalupa24.com.ar\/index.php\/wp-json\/wp\/v2\/users\/11"}],"replies":[{"embeddable":true,"href":"https:\/\/lalupa24.com.ar\/index.php\/wp-json\/wp\/v2\/comments?post=14182"}],"version-history":[{"count":1,"href":"https:\/\/lalupa24.com.ar\/index.php\/wp-json\/wp\/v2\/posts\/14182\/revisions"}],"predecessor-version":[{"id":14184,"href":"https:\/\/lalupa24.com.ar\/index.php\/wp-json\/wp\/v2\/posts\/14182\/revisions\/14184"}],"wp:featuredmedia":[{"embeddable":true,"href":"https:\/\/lalupa24.com.ar\/index.php\/wp-json\/wp\/v2\/media\/14183"}],"wp:attachment":[{"href":"https:\/\/lalupa24.com.ar\/index.php\/wp-json\/wp\/v2\/media?parent=14182"}],"wp:term":[{"taxonomy":"category","embeddable":true,"href":"https:\/\/lalupa24.com.ar\/index.php\/wp-json\/wp\/v2\/categories?post=14182"},{"taxonomy":"post_tag","embeddable":true,"href":"https:\/\/lalupa24.com.ar\/index.php\/wp-json\/wp\/v2\/tags?post=14182"}],"curies":[{"name":"wp","href":"https:\/\/api.w.org\/{rel}","templated":true}]}}