{"id":14218,"date":"2025-11-12T08:52:00","date_gmt":"2025-11-12T11:52:00","guid":{"rendered":"https:\/\/lalupa24.com.ar\/?p=14218"},"modified":"2025-11-12T10:54:01","modified_gmt":"2025-11-12T13:54:01","slug":"cumbre-pro-mauricio-macri-reunira-a-sus-dirigentes-en-medio-de-las-fugas-al-bloque-libertario","status":"publish","type":"post","link":"https:\/\/lalupa24.com.ar\/index.php\/2025\/11\/12\/cumbre-pro-mauricio-macri-reunira-a-sus-dirigentes-en-medio-de-las-fugas-al-bloque-libertario\/","title":{"rendered":"Cumbre Pro: Mauricio Macri reunir\u00e1 a sus dirigentes en medio de las fugas al bloque libertario"},"content":{"rendered":"\n<p>El Consejo Nacional del partido ser\u00e1 en la sede de la calle Balcarce. Es el primer encuentro formal tras las elecciones legislativas de cara al futuro del bloque en el Congreso y la relaci\u00f3n con LLA.<\/p>\n\n\n\n<p>En medio de las fugas del Pro hacia el oficialismo, el fundador del espacio Mauricio Macri, convoc\u00f3 este mi\u00e9rcoles a las 10 al Consejo Nacional del partido en la sede nacional en calle Balcarce para discutir sobre el futuro el en el Congreso y la relaci\u00f3n con La Libertad Avanza.<\/p>\n\n\n\n<p>Del encuentro participar\u00e1n los 24 presidentes del partido de cada distrito, adem\u00e1s de los principales legisladores y dirigentes del espacio, en lo que ser\u00e1 una reuni\u00f3n ampliada. Ser\u00e1 el primer reencuentro formal tras las elecciones legislativas y la afirmaci\u00f3n de Macri sobre la construcci\u00f3n de un candidato propio para los comicios de 2027.<\/p>\n\n\n\n<p>Esta idea se desprendi\u00f3 tras las elecciones legislativas nacionales, donde en principio el an\u00e1lisis general era que el Pro hab\u00eda quedado relegado en el armado de listas. Sin embargo, el ascenso de Diego Santilli en la n\u00f3mina -y fundamentalmente en la campa\u00f1a- le devolvi\u00f3 protagonismo.<\/p>\n\n\n\n<p>Adem\u00e1s, otro de los temas fuertes a debatir, tiene que ver con el reacomodamiento del bloque y su futuro en el Congreso, donde el Pro perdi\u00f3 diputados que respond\u00edan a Patricia Bullrich hacia el oficialismo. All\u00ed hay quienes quieren una articulaci\u00f3n total con el oficialismo y aquellos que pregonan mantener cierta autonom\u00eda.<\/p>\n\n\n\n<p>Una de las principales voces que pide mantener la autonom\u00eda del partido es Mar\u00eda Eugenia Vidal. La ex gobernadora bonaerense deja su cargo en diciembre y no quiso integrar ninguna lista. \u201cDi la discusi\u00f3n interna y trabaj\u00e9 para representar esa alternativa, pero hubo otra decisi\u00f3n distinta. La acepto, pero no la comparto ni la acompa\u00f1o. No estoy dispuesta a ceder mis convicciones por una elecci\u00f3n ni por un cargo. No creo en perder la identidad, los valores, ni la posibilidad de representar a miles de argentinos que se siguen viendo reflejados en el Pro\u201d, expres\u00f3 en sus redes sociales meses atr\u00e1s.<\/p>\n\n\n\n<p>En este contexto, la semana pasada se llev\u00f3 a cabo una cena del bloque del PRO en Diputados. El objetivo fue recibir a los legisladores electos el pasado 26 de octubre y a su vez despedir a los que finalizan su mandato en diciembre. Estaba invitado Mauricio Macri, pero no asisti\u00f3.<\/p>\n\n\n\n<p>Si bien desde el inicio de la gesti\u00f3n de Javier Milei, el partido de Mauricio Macri mostr\u00f3 voluntad de acompa\u00f1ar las pol\u00edticas del Gobierno, en el camino hasta hoy hubo algunos desencuentros, en especial entre el presidente y el ex mandatario.<\/p>\n\n\n\n<p>La distancia se profundiz\u00f3 con los cambios en el Gabinete, la salida de Guillermo Francos y la designaci\u00f3n de Manuel Adorni en su lugar, maniobra que Macri critic\u00f3 en sus redes. No obstante, luego baj\u00f3 los decibeles de la confrontaci\u00f3n cuando Diego Santilli fue designado ministro del Interior.<\/p>\n\n\n\n<p>La tensi\u00f3n tambi\u00e9n qued\u00f3 expuesta cuando, horas antes de la cena que mantendr\u00eda con Milei en Olivos, Macri anunci\u00f3 que el Pro tendr\u00e1 candidato presidencial propio en 2027. \u201cEl Pro est\u00e1 m\u00e1s vivo que nunca\u201d, afirm\u00f3 el exmandatario, y neg\u00f3 que su partido se haya extinguido, a pesar de que qued\u00f3 absorbido por las boletas violetas.<\/p>\n\n\n\n<p><\/p>\n","protected":false},"excerpt":{"rendered":"<p>El Consejo Nacional del partido ser\u00e1 en la sede de la calle Balcarce. Es el primer encuentro formal tras las elecciones legislativas de cara al futuro del bloque en el Congreso y la relaci\u00f3n con LLA. En medio de las fugas del Pro hacia el oficialismo, el fundador del espacio Mauricio Macri, convoc\u00f3 este mi\u00e9rcoles [&hellip;]<\/p>\n","protected":false},"author":11,"featured_media":14219,"comment_status":"open","ping_status":"open","sticky":false,"template":"","format":"standard","meta":{"footnotes":""},"categories":[26],"tags":[],"class_list":{"0":"post-14218","1":"post","2":"type-post","3":"status-publish","4":"format-standard","5":"has-post-thumbnail","7":"category-nacionales"},"aioseo_notices":[],"_links":{"self":[{"href":"https:\/\/lalupa24.com.ar\/index.php\/wp-json\/wp\/v2\/posts\/14218","targetHints":{"allow":["GET"]}}],"collection":[{"href":"https:\/\/lalupa24.com.ar\/index.php\/wp-json\/wp\/v2\/posts"}],"about":[{"href":"https:\/\/lalupa24.com.ar\/index.php\/wp-json\/wp\/v2\/types\/post"}],"author":[{"embeddable":true,"href":"https:\/\/lalupa24.com.ar\/index.php\/wp-json\/wp\/v2\/users\/11"}],"replies":[{"embeddable":true,"href":"https:\/\/lalupa24.com.ar\/index.php\/wp-json\/wp\/v2\/comments?post=14218"}],"version-history":[{"count":1,"href":"https:\/\/lalupa24.com.ar\/index.php\/wp-json\/wp\/v2\/posts\/14218\/revisions"}],"predecessor-version":[{"id":14220,"href":"https:\/\/lalupa24.com.ar\/index.php\/wp-json\/wp\/v2\/posts\/14218\/revisions\/14220"}],"wp:featuredmedia":[{"embeddable":true,"href":"https:\/\/lalupa24.com.ar\/index.php\/wp-json\/wp\/v2\/media\/14219"}],"wp:attachment":[{"href":"https:\/\/lalupa24.com.ar\/index.php\/wp-json\/wp\/v2\/media?parent=14218"}],"wp:term":[{"taxonomy":"category","embeddable":true,"href":"https:\/\/lalupa24.com.ar\/index.php\/wp-json\/wp\/v2\/categories?post=14218"},{"taxonomy":"post_tag","embeddable":true,"href":"https:\/\/lalupa24.com.ar\/index.php\/wp-json\/wp\/v2\/tags?post=14218"}],"curies":[{"name":"wp","href":"https:\/\/api.w.org\/{rel}","templated":true}]}}