{"id":14224,"date":"2025-11-12T11:05:44","date_gmt":"2025-11-12T14:05:44","guid":{"rendered":"https:\/\/lalupa24.com.ar\/?p=14224"},"modified":"2025-11-12T13:00:18","modified_gmt":"2025-11-12T16:00:18","slug":"la-corte-suprema-ordeno-elevar-indemnizacion-a-padres-de-nina-con-paralisis-cerebral-por-mala-praxis","status":"publish","type":"post","link":"https:\/\/lalupa24.com.ar\/index.php\/2025\/11\/12\/la-corte-suprema-ordeno-elevar-indemnizacion-a-padres-de-nina-con-paralisis-cerebral-por-mala-praxis\/","title":{"rendered":"La Corte Suprema orden\u00f3 elevar indemnizaci\u00f3n a padres de ni\u00f1a con par\u00e1lisis cerebral por mala praxis."},"content":{"rendered":"\n<p>La Corte Suprema de Justicia de la Naci\u00f3n orden\u00f3 aumentar la indemnizaci\u00f3n a los padres de una ni\u00f1a que sufri\u00f3 par\u00e1lisis cerebral al momento de su nacimiento, tras considerar arbitraria la reducci\u00f3n del monto dispuesta por la C\u00e1mara Nacional de Apelaciones en lo Civil.<\/p>\n\n\n\n<p>El m\u00e1ximo tribunal, con las firmas de los jueces Horacio Rosatti, Carlos Rosenkrantz y Ricardo Lorenzetti, hizo lugar parcialmente al reclamo de los familiares de la menor en concepto de da\u00f1o moral y lucro cesante, al entender que el planteo \u201cguarda relaci\u00f3n directa e inmediata con las garant\u00edas constitucionales invocadas como vulneradas\u201d.<\/p>\n\n\n\n<p>El caso se origin\u00f3 a partir de una demanda presentada por una pareja, en nombre propio y en representaci\u00f3n de sus tres hijos menores, contra el obstetra, la partera, \u201cSwiss Medical Group S.A.\u201d, \u201cCl\u00ednica y Maternidad Suizo Argentina S.A.\u201d, \u201cDocthos S.A.\u201d y \u201cHSBC Holding S.A.\u201d por los da\u00f1os derivados de la atenci\u00f3n m\u00e9dica durante el parto de su hija M., ocurrido el 23 de enero de 2002.<\/p>\n\n\n\n<p>Seg\u00fan la denuncia, la deficiente atenci\u00f3n provoc\u00f3 una encefalopat\u00eda hip\u00f3xico-isqu\u00e9mica perinatal con da\u00f1os cerebrales irreversibles, lo que dej\u00f3 a la ni\u00f1a con par\u00e1lisis cerebral de grado IV. La menor qued\u00f3 en silla de ruedas, depende de un bot\u00f3n g\u00e1strico para alimentarse, no habla ni controla esf\u00ednteres y presenta movimientos involuntarios y disquin\u00e9ticos.<\/p>\n\n\n\n<p>En primera instancia, la jueza hab\u00eda condenado a todos los demandados y extendido la decisi\u00f3n a las aseguradoras. Sin embargo, en abril de 2021 la Sala K de la C\u00e1mara Civil revoc\u00f3 parcialmente el fallo, al sostener que, aunque existi\u00f3 sufrimiento fetal durante el parto, no pod\u00eda descartarse que la causa de la par\u00e1lisis fuera anterior al nacimiento. Tambi\u00e9n eximi\u00f3 de responsabilidad al obstetra y la partera, y redujo los montos indemnizatorios.<\/p>\n\n\n\n<p>Al revisar el caso, la Corte Suprema consider\u00f3 que la sentencia de la c\u00e1mara fue arbitraria en la reducci\u00f3n de las sumas por da\u00f1o moral. \u201cNo se advierte de qu\u00e9 modo las condiciones de la joven y la manera en que ha incidido el evento en su \u00e1nimo puedan resultar fundamento m\u00ednimamente aceptable de la reducci\u00f3n del da\u00f1o moral decidido\u201d, se\u00f1alaron los ministros.<\/p>\n\n\n\n<p>El fallo tambi\u00e9n cuestion\u00f3 la disminuci\u00f3n de la indemnizaci\u00f3n por da\u00f1o moral a los padres, al remarcar que las graves secuelas de su hija generan una \u201cterrible angustia e incertidumbre familiar\u201d, por lo que los argumentos de la c\u00e1mara \u201cno son consistentes con la magnitud del padecimiento descripto por la jueza de primera instancia\u201d.<\/p>\n","protected":false},"excerpt":{"rendered":"<p>La Corte Suprema de Justicia de la Naci\u00f3n orden\u00f3 aumentar la indemnizaci\u00f3n a los padres de una ni\u00f1a que sufri\u00f3 par\u00e1lisis cerebral al momento de su nacimiento, tras considerar arbitraria la reducci\u00f3n del monto dispuesta por la C\u00e1mara Nacional de Apelaciones en lo Civil. El m\u00e1ximo tribunal, con las firmas de los jueces Horacio Rosatti, [&hellip;]<\/p>\n","protected":false},"author":11,"featured_media":14225,"comment_status":"open","ping_status":"open","sticky":false,"template":"","format":"standard","meta":{"footnotes":""},"categories":[26],"tags":[],"class_list":{"0":"post-14224","1":"post","2":"type-post","3":"status-publish","4":"format-standard","5":"has-post-thumbnail","7":"category-nacionales"},"aioseo_notices":[],"_links":{"self":[{"href":"https:\/\/lalupa24.com.ar\/index.php\/wp-json\/wp\/v2\/posts\/14224","targetHints":{"allow":["GET"]}}],"collection":[{"href":"https:\/\/lalupa24.com.ar\/index.php\/wp-json\/wp\/v2\/posts"}],"about":[{"href":"https:\/\/lalupa24.com.ar\/index.php\/wp-json\/wp\/v2\/types\/post"}],"author":[{"embeddable":true,"href":"https:\/\/lalupa24.com.ar\/index.php\/wp-json\/wp\/v2\/users\/11"}],"replies":[{"embeddable":true,"href":"https:\/\/lalupa24.com.ar\/index.php\/wp-json\/wp\/v2\/comments?post=14224"}],"version-history":[{"count":1,"href":"https:\/\/lalupa24.com.ar\/index.php\/wp-json\/wp\/v2\/posts\/14224\/revisions"}],"predecessor-version":[{"id":14226,"href":"https:\/\/lalupa24.com.ar\/index.php\/wp-json\/wp\/v2\/posts\/14224\/revisions\/14226"}],"wp:featuredmedia":[{"embeddable":true,"href":"https:\/\/lalupa24.com.ar\/index.php\/wp-json\/wp\/v2\/media\/14225"}],"wp:attachment":[{"href":"https:\/\/lalupa24.com.ar\/index.php\/wp-json\/wp\/v2\/media?parent=14224"}],"wp:term":[{"taxonomy":"category","embeddable":true,"href":"https:\/\/lalupa24.com.ar\/index.php\/wp-json\/wp\/v2\/categories?post=14224"},{"taxonomy":"post_tag","embeddable":true,"href":"https:\/\/lalupa24.com.ar\/index.php\/wp-json\/wp\/v2\/tags?post=14224"}],"curies":[{"name":"wp","href":"https:\/\/api.w.org\/{rel}","templated":true}]}}