{"id":14242,"date":"2025-11-12T17:13:50","date_gmt":"2025-11-12T20:13:50","guid":{"rendered":"https:\/\/lalupa24.com.ar\/?p=14242"},"modified":"2025-11-12T17:13:51","modified_gmt":"2025-11-12T20:13:51","slug":"el-ipc-de-octubre-alcanzo-el-23-y-la-inflacion-interanual-se-ubico-en-el-313","status":"publish","type":"post","link":"https:\/\/lalupa24.com.ar\/index.php\/2025\/11\/12\/el-ipc-de-octubre-alcanzo-el-23-y-la-inflacion-interanual-se-ubico-en-el-313\/","title":{"rendered":"EL IPC DE OCTUBRE ALCANZ\u00d3 EL 2,3% Y LA INFLACI\u00d3N INTERANUAL SE UBIC\u00d3 EN EL 31,3%"},"content":{"rendered":"\n<p>El Instituto Nacional de Estad\u00edstica y Censos (INDEC) inform\u00f3 que el \u00cdndice de Precios al Consumidor (IPC) de octubre de 2025 exhibi\u00f3 un incremento del 2,3%, marcando una ligera aceleraci\u00f3n respecto al 2,1% registrado en septiembre. Este resultado consolida una variaci\u00f3n de precios acumulada del 24,8% en lo que va del a\u00f1o. A pesar de que la cifra se mantiene en niveles hist\u00f3ricamente elevados, el dato interanual se posicion\u00f3 en 31,3%, un indicador clave para el seguimiento de la pol\u00edtica monetaria.<\/p>\n\n\n\n<p>El detalle del informe oficial revela que la presi\u00f3n alcista estuvo impulsada principalmente por la divisi\u00f3n de Transporte, que registr\u00f3 el mayor salto mensual con un 3,5%. Le sigui\u00f3 de cerca Vivienda, agua, electricidad, gas y otros combustibles, con un aumento del 2,8%. En cuanto a la divisi\u00f3n Alimentos y bebidas no alcoh\u00f3licas, aunque creci\u00f3 un 2,3%, fue el rubro de mayor incidencia en la mayor\u00eda de las regiones, reflejando su peso espec\u00edfico en la canasta de consumo de los hogares.<\/p>\n\n\n\n<p>Desde el \u00e1mbito oficial, el ministro de Econom\u00eda, Luis Caputo, destac\u00f3 la tendencia de largo plazo, enfatizando que el indicador interanual registr\u00f3 &#8220;dieciocho meses consecutivos de desaceleraci\u00f3n&#8221;. El funcionario subray\u00f3 que esta variaci\u00f3n del 31,3% es la m\u00e1s baja desde julio de 2018. Esta lectura pone el foco en la comparaci\u00f3n con los picos inflacionarios previos, buscando consolidar la narrativa de un proceso de desinflaci\u00f3n sostenida.<\/p>\n\n\n\n<p>A pesar de la optimista lectura ministerial, el dato de octubre super\u00f3 levemente las expectativas de mercado, que seg\u00fan el \u00faltimo Relevamiento de Expectativas de Mercado (REM) del Banco Central, hab\u00edan anticipado un 2,2%. El informe del INDEC confirma que la volatilidad cambiaria y la incertidumbre inherente al mes de las elecciones legislativas nacionales incidieron en la aceleraci\u00f3n de 0,2 puntos porcentuales. No obstante, el traspaso a precios de las variaciones del d\u00f3lar se mantuvo contenido, en parte debido al estancamiento de la actividad y el consumo.<\/p>\n\n\n\n<p>Al analizar las categor\u00edas internas, los precios estacionales lideraron el alza con un 2,8% mensual, seguidos por los precios regulados (2,6%) y el IPC N\u00facleo (2,2%). Esta composici\u00f3n sugiere que, si bien la pol\u00edtica de control de tarifas y precios sigue jugando un rol, la inflaci\u00f3n estructural, medida por el n\u00facleo que excluye estacionales y regulados, contin\u00faa en niveles que superan el 2% mensual, indicando la complejidad de las rigideces microecon\u00f3micas.<\/p>\n\n\n\n<p>De cara al cierre del a\u00f1o, las proyecciones del mercado, recopiladas en el REM, anticipan una moderaci\u00f3n continua, estimando un IPC de 1,9% para noviembre y 2,0% para diciembre. El Gobierno, por su parte, mantiene objetivos m\u00e1s ambiciosos: mientras el ministro Caputo vaticin\u00f3 una convergencia a inflaciones internacionales en el pr\u00f3ximo a\u00f1o, el presidente Javier Milei proyect\u00f3 una inflaci\u00f3n &#8220;cero&#8221; para agosto de 2026. La clave de la pol\u00edtica econ\u00f3mica para los pr\u00f3ximos meses ser\u00e1 lograr que la desaceleraci\u00f3n del IPC perfore el piso del 2% sin comprometer la recuperaci\u00f3n de la actividad.<\/p>\n","protected":false},"excerpt":{"rendered":"<p>El Instituto Nacional de Estad\u00edstica y Censos (INDEC) inform\u00f3 que el \u00cdndice de Precios al Consumidor (IPC) de octubre de 2025 exhibi\u00f3 un incremento del 2,3%, marcando una ligera aceleraci\u00f3n respecto al 2,1% registrado en septiembre. Este resultado consolida una variaci\u00f3n de precios acumulada del 24,8% en lo que va del a\u00f1o. A pesar de [&hellip;]<\/p>\n","protected":false},"author":2,"featured_media":14238,"comment_status":"open","ping_status":"open","sticky":false,"template":"","format":"standard","meta":{"footnotes":""},"categories":[24],"tags":[],"class_list":{"0":"post-14242","1":"post","2":"type-post","3":"status-publish","4":"format-standard","5":"has-post-thumbnail","7":"category-economia"},"aioseo_notices":[],"_links":{"self":[{"href":"https:\/\/lalupa24.com.ar\/index.php\/wp-json\/wp\/v2\/posts\/14242","targetHints":{"allow":["GET"]}}],"collection":[{"href":"https:\/\/lalupa24.com.ar\/index.php\/wp-json\/wp\/v2\/posts"}],"about":[{"href":"https:\/\/lalupa24.com.ar\/index.php\/wp-json\/wp\/v2\/types\/post"}],"author":[{"embeddable":true,"href":"https:\/\/lalupa24.com.ar\/index.php\/wp-json\/wp\/v2\/users\/2"}],"replies":[{"embeddable":true,"href":"https:\/\/lalupa24.com.ar\/index.php\/wp-json\/wp\/v2\/comments?post=14242"}],"version-history":[{"count":1,"href":"https:\/\/lalupa24.com.ar\/index.php\/wp-json\/wp\/v2\/posts\/14242\/revisions"}],"predecessor-version":[{"id":14243,"href":"https:\/\/lalupa24.com.ar\/index.php\/wp-json\/wp\/v2\/posts\/14242\/revisions\/14243"}],"wp:featuredmedia":[{"embeddable":true,"href":"https:\/\/lalupa24.com.ar\/index.php\/wp-json\/wp\/v2\/media\/14238"}],"wp:attachment":[{"href":"https:\/\/lalupa24.com.ar\/index.php\/wp-json\/wp\/v2\/media?parent=14242"}],"wp:term":[{"taxonomy":"category","embeddable":true,"href":"https:\/\/lalupa24.com.ar\/index.php\/wp-json\/wp\/v2\/categories?post=14242"},{"taxonomy":"post_tag","embeddable":true,"href":"https:\/\/lalupa24.com.ar\/index.php\/wp-json\/wp\/v2\/tags?post=14242"}],"curies":[{"name":"wp","href":"https:\/\/api.w.org\/{rel}","templated":true}]}}