{"id":14248,"date":"2025-11-12T17:16:58","date_gmt":"2025-11-12T20:16:58","guid":{"rendered":"https:\/\/lalupa24.com.ar\/?p=14248"},"modified":"2025-11-12T17:17:00","modified_gmt":"2025-11-12T20:17:00","slug":"el-gobierno-debate-iniciar-la-reforma-laboral-por-el-senado-en-diciembre-ante-una-agenda-parlamentaria-colapsada","status":"publish","type":"post","link":"https:\/\/lalupa24.com.ar\/index.php\/2025\/11\/12\/el-gobierno-debate-iniciar-la-reforma-laboral-por-el-senado-en-diciembre-ante-una-agenda-parlamentaria-colapsada\/","title":{"rendered":"EL GOBIERNO DEBATE INICIAR LA REFORMA LABORAL POR EL SENADO EN DICIEMBRE ANTE UNA AGENDA PARLAMENTARIA COLAPSADA"},"content":{"rendered":"\n<p>El oficialismo desliz\u00f3 la intenci\u00f3n de comenzar la discusi\u00f3n de su ambiciosa <strong>reforma laboral<\/strong> por la <strong>C\u00e1mara de Senadores<\/strong> a partir del mes de diciembre, seg\u00fan trascendi\u00f3 de una reuni\u00f3n informal entre legisladores vigentes y electos de La Libertad Avanza (LLA). Esta estrategia, comentada durante un encuentro liderado por la futura jefa del bloque libertario en la C\u00e1mara alta, <strong>Patricia Bullrich<\/strong>, sugiere un cambio en la hoja de ruta parlamentaria en busca de una tramitaci\u00f3n m\u00e1s \u00e1gil de una de las normativas clave del programa de gobierno.<\/p>\n\n\n\n<p>La propuesta de priorizar el Senado se discuti\u00f3 en el marco de la organizaci\u00f3n interna del bloque, donde Bullrich se reuni\u00f3 con senadores como Ivanna Arrascaeta, Agust\u00edn Coto y Mar\u00eda Emilia Orozco. Este movimiento t\u00e1ctico ser\u00eda una respuesta a la necesidad de gestionar una agenda legislativa que se perfila como &#8220;m\u00e1s que desafiante&#8221;, especialmente en la C\u00e1mara de Diputados, donde se espera un debate expr\u00e9s del <strong>Presupuesto 2026<\/strong>, que es la m\u00e1xima prioridad econ\u00f3mica y temporal del Ejecutivo.<\/p>\n\n\n\n<p>Si bien la opci\u00f3n de iniciar el debate por el Senado no est\u00e1 a\u00fan confirmada de manera oficial\u2014ya que, seg\u00fan fuentes parlamentarias, &#8220;todos los d\u00edas aparecen opciones distintas&#8221;\u2014, la decisi\u00f3n pol\u00edtica subyacente radica en optimizar los tiempos de un Congreso que ingresar\u00e1 en un per\u00edodo complejo. La urgencia del Gobierno por avanzar con su paquete de reformas choca con la proximidad de las fiestas de fin de a\u00f1o, lo que podr\u00eda obligar a consumir sesiones en fechas at\u00edpicas, como el viernes 26 o el lunes 29 de diciembre.<\/p>\n\n\n\n<p>La reforma laboral, cuyo contenido exacto se mantiene bajo reserva, se presenta como un pilar fundamental para <strong>reducir el costo de la contrataci\u00f3n<\/strong> y <strong>flexibilizar el mercado de trabajo<\/strong>, aspectos largamente demandados por el sector empresarial argentino. Los analistas pol\u00edticos observan que iniciar el debate en la C\u00e1mara alta podr\u00eda buscar un acuerdo m\u00e1s temprano con sectores del peronismo dialoguista o bloques provinciales, buscando construir mayor\u00edas de manera escalonada antes de llevar la iniciativa al recinto m\u00e1s numeroso de Diputados.<\/p>\n\n\n\n<p>A nivel institucional, esta cumbre tambi\u00e9n sirvi\u00f3 para coordinar equipos t\u00e9cnicos y establecer un mando unificado bajo el liderazgo de Bullrich. No obstante, las definiciones cruciales, como la designaci\u00f3n de la Presidencia Provisional del Senado, se pospusieron. La relevancia de este cargo radica en su potencial influencia sobre la agenda de comisiones, elemento vital para la tramitaci\u00f3n de leyes sensibles como la reforma laboral, y que por reglamento reci\u00e9n se definir\u00e1 en la sesi\u00f3n preparatoria de la \u00faltima semana de febrero.<\/p>\n\n\n\n<p>La elecci\u00f3n del Senado como punto de partida para la reforma laboral, m\u00e1s all\u00e1 de la preferencia, refleja la extrema necesidad del Gobierno de mostrar avances concretos en materia de desregulaci\u00f3n econ\u00f3mica antes de fin de a\u00f1o. El impacto de una nueva normativa laboral podr\u00eda ser profundo, afectando desde el r\u00e9gimen de indemnizaciones hasta el sistema de convenios colectivos. El \u00e9xito o fracaso de esta estrategia depender\u00e1 de la capacidad de LLA para negociar los votos necesarios en diciembre, sin que el \u00edtem presupuestario central desv\u00ede completamente el foco de atenci\u00f3n del Poder Legislativo.<\/p>\n","protected":false},"excerpt":{"rendered":"<p>El oficialismo desliz\u00f3 la intenci\u00f3n de comenzar la discusi\u00f3n de su ambiciosa reforma laboral por la C\u00e1mara de Senadores a partir del mes de diciembre, seg\u00fan trascendi\u00f3 de una reuni\u00f3n informal entre legisladores vigentes y electos de La Libertad Avanza (LLA). Esta estrategia, comentada durante un encuentro liderado por la futura jefa del bloque libertario [&hellip;]<\/p>\n","protected":false},"author":2,"featured_media":14249,"comment_status":"open","ping_status":"open","sticky":false,"template":"","format":"standard","meta":{"footnotes":""},"categories":[24],"tags":[],"class_list":{"0":"post-14248","1":"post","2":"type-post","3":"status-publish","4":"format-standard","5":"has-post-thumbnail","7":"category-economia"},"aioseo_notices":[],"_links":{"self":[{"href":"https:\/\/lalupa24.com.ar\/index.php\/wp-json\/wp\/v2\/posts\/14248","targetHints":{"allow":["GET"]}}],"collection":[{"href":"https:\/\/lalupa24.com.ar\/index.php\/wp-json\/wp\/v2\/posts"}],"about":[{"href":"https:\/\/lalupa24.com.ar\/index.php\/wp-json\/wp\/v2\/types\/post"}],"author":[{"embeddable":true,"href":"https:\/\/lalupa24.com.ar\/index.php\/wp-json\/wp\/v2\/users\/2"}],"replies":[{"embeddable":true,"href":"https:\/\/lalupa24.com.ar\/index.php\/wp-json\/wp\/v2\/comments?post=14248"}],"version-history":[{"count":1,"href":"https:\/\/lalupa24.com.ar\/index.php\/wp-json\/wp\/v2\/posts\/14248\/revisions"}],"predecessor-version":[{"id":14251,"href":"https:\/\/lalupa24.com.ar\/index.php\/wp-json\/wp\/v2\/posts\/14248\/revisions\/14251"}],"wp:featuredmedia":[{"embeddable":true,"href":"https:\/\/lalupa24.com.ar\/index.php\/wp-json\/wp\/v2\/media\/14249"}],"wp:attachment":[{"href":"https:\/\/lalupa24.com.ar\/index.php\/wp-json\/wp\/v2\/media?parent=14248"}],"wp:term":[{"taxonomy":"category","embeddable":true,"href":"https:\/\/lalupa24.com.ar\/index.php\/wp-json\/wp\/v2\/categories?post=14248"},{"taxonomy":"post_tag","embeddable":true,"href":"https:\/\/lalupa24.com.ar\/index.php\/wp-json\/wp\/v2\/tags?post=14248"}],"curies":[{"name":"wp","href":"https:\/\/api.w.org\/{rel}","templated":true}]}}