{"id":14252,"date":"2025-11-12T17:17:35","date_gmt":"2025-11-12T20:17:35","guid":{"rendered":"https:\/\/lalupa24.com.ar\/?p=14252"},"modified":"2025-11-12T17:17:36","modified_gmt":"2025-11-12T20:17:36","slug":"tension-y-enfrentamientos-en-el-congreso-tras-aplicacion-del-protocolo-antipicquetes-en-marcha-de-jubilados","status":"publish","type":"post","link":"https:\/\/lalupa24.com.ar\/index.php\/2025\/11\/12\/tension-y-enfrentamientos-en-el-congreso-tras-aplicacion-del-protocolo-antipicquetes-en-marcha-de-jubilados\/","title":{"rendered":"TENSI\u00d3N Y ENFRENTAMIENTOS EN EL CONGRESO TRAS APLICACI\u00d3N DEL PROTOCOLO ANTIPICQUETES EN MARCHA DE JUBILADOS"},"content":{"rendered":"\n<p>La habitual manifestaci\u00f3n de <strong>jubilados<\/strong> frente al Congreso de la Naci\u00f3n, en el centro de la Ciudad de Buenos Aires, escal\u00f3 este mi\u00e9rcoles en <strong>enfrentamientos<\/strong> entre los manifestantes y las fuerzas de seguridad. El operativo desplegado por la Polic\u00eda Federal, en el marco de la aplicaci\u00f3n del <strong>protocolo antipiquetes<\/strong>, deriv\u00f3 en forcejeos y al menos dos personas demoradas, confirmando la tensi\u00f3n creciente entre el derecho a la protesta y la decisi\u00f3n gubernamental de asegurar la libre circulaci\u00f3n.<\/p>\n\n\n\n<p>Los incidentes se registraron cuando los manifestantes intentaron descender de la vereda para avanzar sobre la calle, momento en que intervinieron los efectivos policiales. Un vallado preventivo, colocado en la intersecci\u00f3n de Hip\u00f3lito Yrigoyen y la avenida Rivadavia con Callao, buscaba impedir el corte de la Avenida Entre R\u00edos y mantener despejada la circulaci\u00f3n vehicular, reflejando la estricta observancia del protocolo impulsado por el Ministerio de Seguridad.<\/p>\n\n\n\n<p>La situaci\u00f3n se torn\u00f3 m\u00e1s tensa con la detenci\u00f3n de un reconocido activista, el <strong>Padre Paco Olveira<\/strong>, un sacerdote que participa frecuentemente en este tipo de movilizaciones. Aunque fue liberado posteriormente, su detenci\u00f3n gener\u00f3 indignaci\u00f3n entre los presentes y un fuerte cruce verbal con las fuerzas de seguridad, con manifestantes que calificaron de &#8220;animales&#8221; el accionar de los efectivos federales. La presencia de Infanter\u00eda de la Polic\u00eda Federal y Gendarmer\u00eda, equipada con escudos, fue clave para contener el avance de quienes intentaban derribar las vallas.<\/p>\n\n\n\n<p>El trasfondo de esta peri\u00f3dica movilizaci\u00f3n es el persistente reclamo de los jubilados por <strong>mejoras en sus haberes m\u00ednimos<\/strong>. El reclamo se produce en un contexto de ajustes por inflaci\u00f3n que, si bien se rigen por una f\u00f3rmula establecida (Resoluciones 338\/2025 y 339\/2025 de la ANSES), resultan insuficientes para compensar el deterioro del poder adquisitivo. Para el corriente mes de noviembre, la jubilaci\u00f3n m\u00ednima se fij\u00f3 en <strong>$333.058,39<\/strong>, a la cual se suma un bono extraordinario de $70.000.<\/p>\n\n\n\n<p>Este <strong>refuerzo complementario<\/strong> se destina a quienes perciben la m\u00ednima y se extiende parcialmente a aquellos con ingresos inferiores a <strong>$403.150<\/strong>, buscando establecer un piso de ingresos mensual. Sin embargo, la persistencia de las protestas semanales demuestra que, para un sector significativo de la poblaci\u00f3n pasiva, la combinaci\u00f3n de haber m\u00ednimo y bonos sigue sin ser percibida como una soluci\u00f3n estructural a la p\u00e9rdida del valor de sus ingresos frente a la escalada inflacionaria y el costo de vida.<\/p>\n\n\n\n<p>Los enfrentamientos de este mi\u00e9rcoles ponen de manifiesto la delicada l\u00ednea entre la gesti\u00f3n del orden p\u00fablico y la respuesta a los reclamos sociales, especialmente de sectores vulnerables como los jubilados. La aplicaci\u00f3n estricta del protocolo antipiquetes, si bien garantiza el derecho al tr\u00e1nsito, intensifica la confrontaci\u00f3n directa, augurando que, mientras el reclamo por haberes dignos contin\u00fae sin una respuesta de fondo, los mi\u00e9rcoles de tensi\u00f3n frente al Congreso se convertir\u00e1n en una constante del panorama pol\u00edtico y social argentino.<\/p>\n","protected":false},"excerpt":{"rendered":"<p>La habitual manifestaci\u00f3n de jubilados frente al Congreso de la Naci\u00f3n, en el centro de la Ciudad de Buenos Aires, escal\u00f3 este mi\u00e9rcoles en enfrentamientos entre los manifestantes y las fuerzas de seguridad. El operativo desplegado por la Polic\u00eda Federal, en el marco de la aplicaci\u00f3n del protocolo antipiquetes, deriv\u00f3 en forcejeos y al menos [&hellip;]<\/p>\n","protected":false},"author":2,"featured_media":14250,"comment_status":"open","ping_status":"open","sticky":false,"template":"","format":"standard","meta":{"footnotes":""},"categories":[26],"tags":[],"class_list":{"0":"post-14252","1":"post","2":"type-post","3":"status-publish","4":"format-standard","5":"has-post-thumbnail","7":"category-nacionales"},"aioseo_notices":[],"_links":{"self":[{"href":"https:\/\/lalupa24.com.ar\/index.php\/wp-json\/wp\/v2\/posts\/14252","targetHints":{"allow":["GET"]}}],"collection":[{"href":"https:\/\/lalupa24.com.ar\/index.php\/wp-json\/wp\/v2\/posts"}],"about":[{"href":"https:\/\/lalupa24.com.ar\/index.php\/wp-json\/wp\/v2\/types\/post"}],"author":[{"embeddable":true,"href":"https:\/\/lalupa24.com.ar\/index.php\/wp-json\/wp\/v2\/users\/2"}],"replies":[{"embeddable":true,"href":"https:\/\/lalupa24.com.ar\/index.php\/wp-json\/wp\/v2\/comments?post=14252"}],"version-history":[{"count":1,"href":"https:\/\/lalupa24.com.ar\/index.php\/wp-json\/wp\/v2\/posts\/14252\/revisions"}],"predecessor-version":[{"id":14253,"href":"https:\/\/lalupa24.com.ar\/index.php\/wp-json\/wp\/v2\/posts\/14252\/revisions\/14253"}],"wp:featuredmedia":[{"embeddable":true,"href":"https:\/\/lalupa24.com.ar\/index.php\/wp-json\/wp\/v2\/media\/14250"}],"wp:attachment":[{"href":"https:\/\/lalupa24.com.ar\/index.php\/wp-json\/wp\/v2\/media?parent=14252"}],"wp:term":[{"taxonomy":"category","embeddable":true,"href":"https:\/\/lalupa24.com.ar\/index.php\/wp-json\/wp\/v2\/categories?post=14252"},{"taxonomy":"post_tag","embeddable":true,"href":"https:\/\/lalupa24.com.ar\/index.php\/wp-json\/wp\/v2\/tags?post=14252"}],"curies":[{"name":"wp","href":"https:\/\/api.w.org\/{rel}","templated":true}]}}