{"id":14260,"date":"2025-11-12T17:22:03","date_gmt":"2025-11-12T20:22:03","guid":{"rendered":"https:\/\/lalupa24.com.ar\/?p=14260"},"modified":"2025-11-12T17:22:04","modified_gmt":"2025-11-12T20:22:04","slug":"juicio-cecilia-strzyzowski-marcela-acuna-declaro-y-admitio-su-intencion-de-encubrir-a-su-hijo","status":"publish","type":"post","link":"https:\/\/lalupa24.com.ar\/index.php\/2025\/11\/12\/juicio-cecilia-strzyzowski-marcela-acuna-declaro-y-admitio-su-intencion-de-encubrir-a-su-hijo\/","title":{"rendered":"JUICIO CECILIA STRZYZOWSKI: MARCELA ACU\u00d1A DECLAR\u00d3 Y ADMITI\u00d3 SU INTENCI\u00d3N DE ENCUBRIR A SU HIJO"},"content":{"rendered":"\n<p>En una nueva audiencia del juicio por el femicidio de Cecilia Strzyzowski, <strong>Marcela Acu\u00f1a<\/strong>, madre de C\u00e9sar Sena (principal acusado) e imputada como part\u00edcipe necesaria, brind\u00f3 una extensa y emotiva declaraci\u00f3n ante el jurado. El punto central de su testimonio fue la admisi\u00f3n de que intent\u00f3 <strong>encubrir<\/strong> a su hijo, argumentando que actu\u00f3 bajo el impulso de su rol materno.<\/p>\n\n\n\n<p>Visiblemente afectada, Acu\u00f1a se dirigi\u00f3 al jurado diciendo: &#8220;Soy una mam\u00e1 que creo que hizo lo incorrecto, pero me manej\u00e9 como mam\u00e1 y me voy a seguir manejando como mam\u00e1&#8221;, en referencia a su intenci\u00f3n de proteger a C\u00e9sar Sena.<\/p>\n\n\n\n<h3 class=\"wp-block-heading\">Puntos Clave de la Declaraci\u00f3n:<\/h3>\n\n\n\n<ul class=\"wp-block-list\">\n<li><strong>Admisi\u00f3n de Encubrimiento:<\/strong> Acu\u00f1a reconoci\u00f3 que su accionar posterior a la desaparici\u00f3n de Cecilia fue motivado por el intento de encubrir a su hijo, aunque deslig\u00f3 a su expareja, Emerenciano Sena (tambi\u00e9n imputado), de cualquier conocimiento o participaci\u00f3n en los hechos.<\/li>\n\n\n\n<li><strong>Pedido de Disculpas:<\/strong> La imputada le pidi\u00f3 perd\u00f3n p\u00fablicamente a <strong>Gloria Romero<\/strong>, madre de la v\u00edctima, y a las organizaciones de la militancia <strong>Ni Una Menos<\/strong>, reconociendo que su encubrimiento fue &#8220;peor&#8221; y expresando su empat\u00eda como madre: &#8220;Ella es mam\u00e1, y yo soy mam\u00e1. Ella pari\u00f3 como yo&#8221;.<\/li>\n\n\n\n<li><strong>V\u00ednculo con Cecilia:<\/strong> Neg\u00f3 haber odiado a la v\u00edctima, describiendo su relaci\u00f3n como distante, pero sin conflictos. Se\u00f1al\u00f3 que Cecilia le agradaba por ser mayor que su hijo, creyendo que podr\u00eda generar una relaci\u00f3n m\u00e1s estable para \u00e9l.<\/li>\n\n\n\n<li><strong>Narraci\u00f3n del 2 de Junio:<\/strong> Hizo una reconstrucci\u00f3n de la ma\u00f1ana del 2 de junio de 2023. Relat\u00f3 que vio a su hijo, C\u00e9sar, con rasgu\u00f1os en el cuello y lo not\u00f3 &#8220;extra\u00f1o&#8221;, quien le dijo que hab\u00eda tenido una pelea con Cecilia.<\/li>\n\n\n\n<li><strong>El &#8220;Bulto&#8221; y el Encubrimiento:<\/strong> Cont\u00f3 que, al regresar a la casa m\u00e1s tarde, encontr\u00f3 una puerta semiabierta en un \u00e1rea poco utilizada, y al mirar vio &#8220;un bulto&#8221;. Inmediatamente, relacion\u00f3 esto con la pelea de su hijo y sali\u00f3 &#8220;espantada&#8221;, entrando en una etapa de &#8220;no querer saber&#8221;.<\/li>\n\n\n\n<li><strong>Negativa a la Acusaci\u00f3n Principal:<\/strong> Acu\u00f1a neg\u00f3 rotundamente la acusaci\u00f3n de haber ordenado o participado en la quema del cuerpo de Cecilia. Aclar\u00f3 que, si bien pidi\u00f3 que le &#8220;saquen el problema&#8221;, no sab\u00eda exactamente de qu\u00e9 se trataba.<\/li>\n\n\n\n<li><strong>Desvinculaci\u00f3n de Emerenciano:<\/strong> Insisti\u00f3 en que ocult\u00f3 todo a su expareja, Emerenciano Sena, argumentando que sab\u00eda que \u00e9l &#8220;lo iba a llevar a la Polic\u00eda&#8221;. Declar\u00f3 que su deseo es que lo suelten, incluso si a ella le dictan perpetua.<\/li>\n<\/ul>\n\n\n\n<p>Finalmente, Acu\u00f1a concluy\u00f3 su relato asegurando que su hijo estaba bajo tratamiento psicol\u00f3gico con una psiquiatra que le hab\u00eda advertido de una &#8220;alarma roja&#8221; en el estado de C\u00e9sar, informaci\u00f3n que ella hab\u00eda ocultado incluso a su marido.<\/p>\n\n\n\n<p>Tras la extensa declaraci\u00f3n, la fiscal\u00eda desisti\u00f3 de formular preguntas, y se decret\u00f3 un cuarto intermedio.<\/p>\n","protected":false},"excerpt":{"rendered":"<p>En una nueva audiencia del juicio por el femicidio de Cecilia Strzyzowski, Marcela Acu\u00f1a, madre de C\u00e9sar Sena (principal acusado) e imputada como part\u00edcipe necesaria, brind\u00f3 una extensa y emotiva declaraci\u00f3n ante el jurado. El punto central de su testimonio fue la admisi\u00f3n de que intent\u00f3 encubrir a su hijo, argumentando que actu\u00f3 bajo el [&hellip;]<\/p>\n","protected":false},"author":2,"featured_media":14256,"comment_status":"open","ping_status":"open","sticky":false,"template":"","format":"standard","meta":{"footnotes":""},"categories":[26],"tags":[],"class_list":{"0":"post-14260","1":"post","2":"type-post","3":"status-publish","4":"format-standard","5":"has-post-thumbnail","7":"category-nacionales"},"aioseo_notices":[],"_links":{"self":[{"href":"https:\/\/lalupa24.com.ar\/index.php\/wp-json\/wp\/v2\/posts\/14260","targetHints":{"allow":["GET"]}}],"collection":[{"href":"https:\/\/lalupa24.com.ar\/index.php\/wp-json\/wp\/v2\/posts"}],"about":[{"href":"https:\/\/lalupa24.com.ar\/index.php\/wp-json\/wp\/v2\/types\/post"}],"author":[{"embeddable":true,"href":"https:\/\/lalupa24.com.ar\/index.php\/wp-json\/wp\/v2\/users\/2"}],"replies":[{"embeddable":true,"href":"https:\/\/lalupa24.com.ar\/index.php\/wp-json\/wp\/v2\/comments?post=14260"}],"version-history":[{"count":1,"href":"https:\/\/lalupa24.com.ar\/index.php\/wp-json\/wp\/v2\/posts\/14260\/revisions"}],"predecessor-version":[{"id":14261,"href":"https:\/\/lalupa24.com.ar\/index.php\/wp-json\/wp\/v2\/posts\/14260\/revisions\/14261"}],"wp:featuredmedia":[{"embeddable":true,"href":"https:\/\/lalupa24.com.ar\/index.php\/wp-json\/wp\/v2\/media\/14256"}],"wp:attachment":[{"href":"https:\/\/lalupa24.com.ar\/index.php\/wp-json\/wp\/v2\/media?parent=14260"}],"wp:term":[{"taxonomy":"category","embeddable":true,"href":"https:\/\/lalupa24.com.ar\/index.php\/wp-json\/wp\/v2\/categories?post=14260"},{"taxonomy":"post_tag","embeddable":true,"href":"https:\/\/lalupa24.com.ar\/index.php\/wp-json\/wp\/v2\/tags?post=14260"}],"curies":[{"name":"wp","href":"https:\/\/api.w.org\/{rel}","templated":true}]}}