{"id":14262,"date":"2025-11-12T17:22:48","date_gmt":"2025-11-12T20:22:48","guid":{"rendered":"https:\/\/lalupa24.com.ar\/?p=14262"},"modified":"2025-11-12T17:22:49","modified_gmt":"2025-11-12T20:22:49","slug":"declaracion-de-emerenciano-sena-en-el-juicio-por-cecilia-strzyzowski-fue-aberrante-pero-no-tuve-nada-que-ver","status":"publish","type":"post","link":"https:\/\/lalupa24.com.ar\/index.php\/2025\/11\/12\/declaracion-de-emerenciano-sena-en-el-juicio-por-cecilia-strzyzowski-fue-aberrante-pero-no-tuve-nada-que-ver\/","title":{"rendered":"DECLARACI\u00d3N DE EMERENCIANO SENA EN EL JUICIO POR CECILIA STRZYZOWSKI: &#8220;FUE ABERRANTE PERO NO TUVE NADA QUE VER&#8221;"},"content":{"rendered":"\n<p>En la 12\u00aa audiencia del juicio por el femicidio de Cecilia Strzyzowski, <strong>Emerenciano Sena<\/strong>, l\u00edder social y uno de los principales imputados como part\u00edcipe primario, brind\u00f3 una declaraci\u00f3n en la que neg\u00f3 categ\u00f3ricamente su participaci\u00f3n en el crimen. Visiblemente emocionado, Sena calific\u00f3 el hecho como &#8220;aberrante&#8221; y se defendi\u00f3 con un discurso que se centr\u00f3 en su trayectoria de vida y en la supuesta injusticia de su detenci\u00f3n.<\/p>\n\n\n\n<h3 class=\"wp-block-heading\">Puntos Clave del Testimonio:<\/h3>\n\n\n\n<ul class=\"wp-block-list\">\n<li><strong>Negativa y Calificaci\u00f3n del Hecho:<\/strong> Entre l\u00e1grimas, Emerenciano Sena neg\u00f3 cualquier participaci\u00f3n en el femicidio, afirmando: &#8220;<strong>Lo que sucedi\u00f3 fue aberrante, pero no tuve absolutamente nada que ver<\/strong>&#8220;.<\/li>\n\n\n\n<li><strong>Defensa Basada en su Rutina:<\/strong> Sostuvo que el d\u00eda del crimen (2 de junio de 2023) sigui\u00f3 su rutina habitual y que no cometi\u00f3 &#8220;ning\u00fan delito&#8221;. Argument\u00f3 que las pruebas en la investigaci\u00f3n no sustentan su acusaci\u00f3n.<\/li>\n\n\n\n<li><strong>Cuestionamiento a la Investigaci\u00f3n:<\/strong> Critic\u00f3 duramente el proceso judicial, se\u00f1alando que la investigaci\u00f3n no rastre\u00f3 sus actividades en los d\u00edas previos ni los mensajes enviados, y que su situaci\u00f3n legal se agrav\u00f3 tras un cambio de fiscal.&#8221;Despu\u00e9s del cambio del fiscal parec\u00eda el asesino m\u00e1s grande del mundo. De un d\u00eda para el otro empezaron a pedir cadena perpetua para m\u00ed. No s\u00e9 por qu\u00e9, ni basado en qu\u00e9. Miren con perspectiva.&#8221;<\/li>\n\n\n\n<li><strong>Foco en su Liderazgo Social:<\/strong> Dedic\u00f3 una parte significativa de su alocuci\u00f3n a repasar sus or\u00edgenes humildes y a la labor de su organizaci\u00f3n social, que construy\u00f3 el barrio que lleva su nombre. Asegur\u00f3 que &#8220;el \u00fanico delito&#8221; que cometi\u00f3 fue construir casas para gente humilde y que nunca defendi\u00f3 a nadie que hubiera cometido un delito grave.<\/li>\n\n\n\n<li><strong>Visi\u00f3n sobre las Mujeres en su Organizaci\u00f3n:<\/strong> Intent\u00f3 defender su trato hacia las mujeres dentro de su agrupaci\u00f3n, asegurando que ellas eran &#8220;las mejores trabajadoras&#8221; y que se les dio lugar en oficios como electricidad y carpinter\u00eda, aunque a\u00f1adi\u00f3 un comentario controversial sobre la diferencia de &#8220;fibra&#8221; y &#8220;fuerza&#8221; con los hombres, afirmando que &#8220;el cuerpo de la mujer no est\u00e1 hecho para el trabajo rudo que hacemos nosotros los hombres&#8221;.<\/li>\n<\/ul>\n\n\n\n<p>Al concluir su exposici\u00f3n, Sena se ofreci\u00f3 a responder preguntas, aunque sostuvo que no ten\u00eda m\u00e1s para aportar. Los abogados de las partes se abstuvieron de interrogarlo.<\/p>\n\n\n\n<p>La jornada tambi\u00e9n incluy\u00f3 las declaraciones de su expareja, <strong>Marcela Acu\u00f1a<\/strong> (quien admiti\u00f3 que intent\u00f3 encubrir a su hijo), y de otros imputados como Fabiana Gonz\u00e1lez, Griselda Reinoso y Gustavo Melgarejo, quienes tambi\u00e9n negaron su participaci\u00f3n en el crimen. El testimonio de Emerenciano Sena se suma al de los dem\u00e1s acusados en la b\u00fasqueda de desligarse de la acusaci\u00f3n de haber participado en la planificaci\u00f3n o ejecuci\u00f3n del femicidio de Cecilia Strzyzowski.<\/p>\n","protected":false},"excerpt":{"rendered":"<p>En la 12\u00aa audiencia del juicio por el femicidio de Cecilia Strzyzowski, Emerenciano Sena, l\u00edder social y uno de los principales imputados como part\u00edcipe primario, brind\u00f3 una declaraci\u00f3n en la que neg\u00f3 categ\u00f3ricamente su participaci\u00f3n en el crimen. Visiblemente emocionado, Sena calific\u00f3 el hecho como &#8220;aberrante&#8221; y se defendi\u00f3 con un discurso que se centr\u00f3 [&hellip;]<\/p>\n","protected":false},"author":2,"featured_media":14257,"comment_status":"open","ping_status":"open","sticky":false,"template":"","format":"standard","meta":{"footnotes":""},"categories":[26],"tags":[],"class_list":{"0":"post-14262","1":"post","2":"type-post","3":"status-publish","4":"format-standard","5":"has-post-thumbnail","7":"category-nacionales"},"aioseo_notices":[],"_links":{"self":[{"href":"https:\/\/lalupa24.com.ar\/index.php\/wp-json\/wp\/v2\/posts\/14262","targetHints":{"allow":["GET"]}}],"collection":[{"href":"https:\/\/lalupa24.com.ar\/index.php\/wp-json\/wp\/v2\/posts"}],"about":[{"href":"https:\/\/lalupa24.com.ar\/index.php\/wp-json\/wp\/v2\/types\/post"}],"author":[{"embeddable":true,"href":"https:\/\/lalupa24.com.ar\/index.php\/wp-json\/wp\/v2\/users\/2"}],"replies":[{"embeddable":true,"href":"https:\/\/lalupa24.com.ar\/index.php\/wp-json\/wp\/v2\/comments?post=14262"}],"version-history":[{"count":1,"href":"https:\/\/lalupa24.com.ar\/index.php\/wp-json\/wp\/v2\/posts\/14262\/revisions"}],"predecessor-version":[{"id":14263,"href":"https:\/\/lalupa24.com.ar\/index.php\/wp-json\/wp\/v2\/posts\/14262\/revisions\/14263"}],"wp:featuredmedia":[{"embeddable":true,"href":"https:\/\/lalupa24.com.ar\/index.php\/wp-json\/wp\/v2\/media\/14257"}],"wp:attachment":[{"href":"https:\/\/lalupa24.com.ar\/index.php\/wp-json\/wp\/v2\/media?parent=14262"}],"wp:term":[{"taxonomy":"category","embeddable":true,"href":"https:\/\/lalupa24.com.ar\/index.php\/wp-json\/wp\/v2\/categories?post=14262"},{"taxonomy":"post_tag","embeddable":true,"href":"https:\/\/lalupa24.com.ar\/index.php\/wp-json\/wp\/v2\/tags?post=14262"}],"curies":[{"name":"wp","href":"https:\/\/api.w.org\/{rel}","templated":true}]}}