{"id":14264,"date":"2025-11-12T17:23:52","date_gmt":"2025-11-12T20:23:52","guid":{"rendered":"https:\/\/lalupa24.com.ar\/?p=14264"},"modified":"2025-11-12T17:23:53","modified_gmt":"2025-11-12T20:23:53","slug":"agenda-intensa-en-casa-rosada-milei-reune-a-su-gabinete-y-activa-nueva-mesa-chica-con-santilli","status":"publish","type":"post","link":"https:\/\/lalupa24.com.ar\/index.php\/2025\/11\/12\/agenda-intensa-en-casa-rosada-milei-reune-a-su-gabinete-y-activa-nueva-mesa-chica-con-santilli\/","title":{"rendered":"AGENDA INTENSA EN CASA ROSADA: MILEI RE\u00daNE A SU GABINETE Y ACTIVA NUEVA &#8220;MESA CHICA&#8221; CON SANTILLI"},"content":{"rendered":"\n<p>Tras los recientes cambios ministeriales, el presidente <strong>Javier Milei<\/strong> encabez\u00f3 una intensa jornada de reuniones en Casa Rosada, comenzando con la activaci\u00f3n de una renovada &#8220;mesa chica libertaria&#8221; y seguida por un encuentro ampliado con todo su Gabinete de Ministros.<\/p>\n\n\n\n<p>La inclusi\u00f3n del flamante Ministro del Interior, <strong>Diego Santilli<\/strong>, es la principal novedad y el eje de la nueva din\u00e1mica pol\u00edtica, cuyo objetivo central es reorientar la coordinaci\u00f3n y acelerar la consecuci\u00f3n de los principales objetivos de gesti\u00f3n en el Congreso, especialmente la aprobaci\u00f3n del Presupuesto 2026 y las reformas estructurales.<\/p>\n\n\n\n<h3 class=\"wp-block-heading\">1. La Nueva Mesa Chica Libertaria<\/h3>\n\n\n\n<p>La reuni\u00f3n del c\u00edrculo de m\u00e1xima importancia del Gobierno se llev\u00f3 a cabo a las 9:30 horas en el despacho presidencial y tuvo una duraci\u00f3n aproximada de una hora. La composici\u00f3n actual, descrita como el <strong>&#8220;G6&#8221; pol\u00edtico<\/strong> del presidente, incluye a:<\/p>\n\n\n\n<ul class=\"wp-block-list\">\n<li><strong>Javier Milei<\/strong> (Presidente)<\/li>\n\n\n\n<li><strong>Karina Milei<\/strong> (Secretaria General de la Presidencia)<\/li>\n\n\n\n<li><strong>Manuel Adorni<\/strong> (Jefe de Gabinete)<\/li>\n\n\n\n<li><strong>Diego Santilli<\/strong> (Ministro del Interior &#8211; <em>Nuevo Integrante Clave<\/em>)<\/li>\n\n\n\n<li><strong>Patricia Bullrich<\/strong> (Ministra de Seguridad)<\/li>\n\n\n\n<li><strong>Mart\u00edn Menem<\/strong> (Presidente de la C\u00e1mara de Diputados)<\/li>\n\n\n\n<li><strong>Santiago Caputo<\/strong> (Asesor Presidencial)<\/li>\n<\/ul>\n\n\n\n<p>El temario de este encuentro se centr\u00f3 principalmente en la <strong>estrategia de negociaci\u00f3n con las provincias<\/strong>. Santilli present\u00f3 un informe sobre el estado de las conversaciones y con qu\u00e9 distritos se requiere intensificar las tratativas en las pr\u00f3ximas semanas.<\/p>\n\n\n\n<h3 class=\"wp-block-heading\">2. Reuni\u00f3n de Gabinete Ampliada<\/h3>\n\n\n\n<p>Inmediatamente despu\u00e9s de la mesa chica, el Presidente se traslad\u00f3 al Sal\u00f3n Eva Per\u00f3n para el encuentro con el Gabinete ampliado.<\/p>\n\n\n\n<ul class=\"wp-block-list\">\n<li><strong>Objetivo:<\/strong> Afinar la coordinaci\u00f3n de la gesti\u00f3n, validar los avances y <strong>convalidar la estrategia para el Congreso<\/strong>, incluyendo las reformas estructurales y el Presupuesto 2026.<\/li>\n\n\n\n<li><strong>Participaci\u00f3n Clave:<\/strong> En esta reuni\u00f3n, a diferencia de la mesa chica, la presencia del Ministro de Econom\u00eda, <strong>Luis Caputo<\/strong>, es fundamental, ya que su cartera determina el margen fiscal para cualquier negociaci\u00f3n con los actores subnacionales.<\/li>\n\n\n\n<li><strong>Ausencias:<\/strong> Se registraron las ausencias del Canciller Pablo Quirno (en Estados Unidos por acuerdos comerciales) y el Ministro de Justicia Mariano C\u00faneo Libarona (de licencia por una intervenci\u00f3n quir\u00fargica).<\/li>\n<\/ul>\n\n\n\n<h3 class=\"wp-block-heading\">3. Impacto de los Cambios y Gira Federal de Santilli<\/h3>\n\n\n\n<p>La agenda se produce despu\u00e9s de tensiones internas por la redistribuci\u00f3n de \u00e1reas del Ministerio del Interior antes de la jura de Santilli. El <strong>Renaper<\/strong> (Registro Nacional de las Personas) fue finalmente devuelto a Interior, revirtiendo un traspaso temporal a Seguridad, con el fin de evitar la reducci\u00f3n de herramientas de negociaci\u00f3n para Santilli con los gobernadores.<\/p>\n\n\n\n<p>El nuevo Ministro del Interior inici\u00f3 de inmediato una <strong>gira federal<\/strong> para consolidar apoyos, que incluye:<\/p>\n\n\n\n<ul class=\"wp-block-list\">\n<li><strong>Hoy (Mi\u00e9rcoles):<\/strong> Viaje a Entre R\u00edos para reunirse con el gobernador <strong>Rogelio Frigerio<\/strong>.<\/li>\n\n\n\n<li><strong>Jueves:<\/strong> Reuni\u00f3n en Casa Rosada con el gobernador de Salta, <strong>Gustavo S\u00e1enz<\/strong>.<\/li>\n\n\n\n<li><strong>Viernes:<\/strong> Continuar\u00eda la gira en Mendoza para encontrarse con <strong>Alfredo Cornejo<\/strong>.<\/li>\n\n\n\n<li><strong>S\u00e1bado:<\/strong> Encuentro con <strong>Rolando Figueroa<\/strong> en Neuqu\u00e9n.<\/li>\n<\/ul>\n\n\n\n<p>La intensa actividad en Casa Rosada y la inmediata activaci\u00f3n de la nueva estructura pol\u00edtica demuestran la urgencia del Gobierno por recuperar la iniciativa pol\u00edtica y asegurar la gobernabilidad necesaria para sacar adelante su agenda legislativa.<\/p>\n","protected":false},"excerpt":{"rendered":"<p>Tras los recientes cambios ministeriales, el presidente Javier Milei encabez\u00f3 una intensa jornada de reuniones en Casa Rosada, comenzando con la activaci\u00f3n de una renovada &#8220;mesa chica libertaria&#8221; y seguida por un encuentro ampliado con todo su Gabinete de Ministros. La inclusi\u00f3n del flamante Ministro del Interior, Diego Santilli, es la principal novedad y el [&hellip;]<\/p>\n","protected":false},"author":2,"featured_media":14258,"comment_status":"open","ping_status":"open","sticky":false,"template":"","format":"standard","meta":{"footnotes":""},"categories":[26],"tags":[],"class_list":{"0":"post-14264","1":"post","2":"type-post","3":"status-publish","4":"format-standard","5":"has-post-thumbnail","7":"category-nacionales"},"aioseo_notices":[],"_links":{"self":[{"href":"https:\/\/lalupa24.com.ar\/index.php\/wp-json\/wp\/v2\/posts\/14264","targetHints":{"allow":["GET"]}}],"collection":[{"href":"https:\/\/lalupa24.com.ar\/index.php\/wp-json\/wp\/v2\/posts"}],"about":[{"href":"https:\/\/lalupa24.com.ar\/index.php\/wp-json\/wp\/v2\/types\/post"}],"author":[{"embeddable":true,"href":"https:\/\/lalupa24.com.ar\/index.php\/wp-json\/wp\/v2\/users\/2"}],"replies":[{"embeddable":true,"href":"https:\/\/lalupa24.com.ar\/index.php\/wp-json\/wp\/v2\/comments?post=14264"}],"version-history":[{"count":1,"href":"https:\/\/lalupa24.com.ar\/index.php\/wp-json\/wp\/v2\/posts\/14264\/revisions"}],"predecessor-version":[{"id":14265,"href":"https:\/\/lalupa24.com.ar\/index.php\/wp-json\/wp\/v2\/posts\/14264\/revisions\/14265"}],"wp:featuredmedia":[{"embeddable":true,"href":"https:\/\/lalupa24.com.ar\/index.php\/wp-json\/wp\/v2\/media\/14258"}],"wp:attachment":[{"href":"https:\/\/lalupa24.com.ar\/index.php\/wp-json\/wp\/v2\/media?parent=14264"}],"wp:term":[{"taxonomy":"category","embeddable":true,"href":"https:\/\/lalupa24.com.ar\/index.php\/wp-json\/wp\/v2\/categories?post=14264"},{"taxonomy":"post_tag","embeddable":true,"href":"https:\/\/lalupa24.com.ar\/index.php\/wp-json\/wp\/v2\/tags?post=14264"}],"curies":[{"name":"wp","href":"https:\/\/api.w.org\/{rel}","templated":true}]}}