{"id":14285,"date":"2025-11-12T17:33:05","date_gmt":"2025-11-12T20:33:05","guid":{"rendered":"https:\/\/lalupa24.com.ar\/?p=14285"},"modified":"2025-11-12T17:33:07","modified_gmt":"2025-11-12T20:33:07","slug":"ecuador-sumido-en-la-crisis-el-pais-registra-el-semestre-mas-violento-de-su-historia-con-mas-de-4-600-homicidios","status":"publish","type":"post","link":"https:\/\/lalupa24.com.ar\/index.php\/2025\/11\/12\/ecuador-sumido-en-la-crisis-el-pais-registra-el-semestre-mas-violento-de-su-historia-con-mas-de-4-600-homicidios\/","title":{"rendered":"ECUADOR SUMIDO EN LA CRISIS: EL PA\u00cdS REGISTRA EL SEMESTRE M\u00c1S VIOLENTO DE SU HISTORIA CON M\u00c1S DE 4.600 HOMICIDIOS"},"content":{"rendered":"\n<p>Ecuador ha cruzado un umbral de violencia sin precedentes, registrando el primer semestre de 2025 como el m\u00e1s sangriento de su historia reciente, con un total de <strong>4.619 homicidios intencionales<\/strong>. Esta cifra representa un alarmante incremento del <strong>47%<\/strong> respecto al mismo per\u00edodo de 2024, consolidando al pa\u00eds como el epicentro de una crisis de seguridad regional. La escalada es la consecuencia directa de la consolidaci\u00f3n y disputa territorial de bandas criminales transnacionales ligadas principalmente al narcotr\u00e1fico, llevando la tasa de muertes violentas a niveles comparables con zonas de conflicto abierto.<\/p>\n\n\n\n<p>Seg\u00fan el Observatorio Ecuatoriano de Crimen Organizado (OECO), la violencia no solo ha aumentado en volumen, sino tambi\u00e9n en <strong>agresividad y penetraci\u00f3n social<\/strong>. El incremento en la proporci\u00f3n de homicidios ejecutados con armas de fuego ha generado una alerta cr\u00edtica sobre la facilidad en el tr\u00e1fico de armamento dentro del pa\u00eds. Adem\u00e1s, un dato particularmente preocupante es el aumento del <strong>68%<\/strong> en los homicidios de ni\u00f1os, ni\u00f1as y adolescentes (NNA) de 10 a 19 a\u00f1os en comparaci\u00f3n intersemestral, lo que refleja un reclutamiento forzoso y la exposici\u00f3n de grupos vulnerables a las din\u00e1micas del crimen organizado.<\/p>\n\n\n\n<p>La principal causa de esta espiral de violencia se encuentra en la profunda penetraci\u00f3n del <strong>narcotr\u00e1fico transnacional<\/strong>. Ecuador, antes considerado un &#8220;oasis de paz&#8221;, se ha convertido en un punto log\u00edstico estrat\u00e9gico para el tr\u00e1fico de coca\u00edna hacia Estados Unidos y Europa. Las bandas criminales han pasado de dedicarse exclusivamente al tr\u00e1fico de drogas a diversificar sus actividades hacia la extorsi\u00f3n, el secuestro y la miner\u00eda ilegal, luchando con ferocidad por el control de las rutas y los puertos mar\u00edtimos, especialmente en la provincia del Guayas y la ciudad de Guayaquil.<\/p>\n\n\n\n<p>Geogr\u00e1ficamente, la violencia se consolida de manera alarmante en la Costa. Cerca del <strong>40%<\/strong> de los homicidios se concentran en la Zona 8, que incluye los cantones de Guayaquil, Dur\u00e1n y Samborond\u00f3n. Dur\u00e1n, en particular, ha visto un incremento exponencial en la violencia, lo que lo convierte en un term\u00f3metro de la crisis. Este patr\u00f3n geogr\u00e1fico subraya la conexi\u00f3n directa entre la violencia y la infraestructura portuaria utilizada para el env\u00edo de grandes cargamentos de coca\u00edna, exacerbando la disputa entre grupos como Los Choneros y Los Lobos.<\/p>\n\n\n\n<p>El gobierno del presidente Daniel Noboa, a pesar de haber declarado un &#8220;conflicto armado interno&#8221; en enero y de movilizar a las Fuerzas Armadas, no ha logrado revertir la tendencia a largo plazo. Expertos en seguridad, como Daniel Pont\u00f3n del IAEN, se\u00f1alan que el enfoque se ha centrado mayormente en la seguridad reactiva sin abordar las <strong>causas estructurales<\/strong> del problema, como la corrupci\u00f3n estatal, la crisis penitenciaria y la falta de apoyo institucional en las comunidades vulnerables, factores que permiten que el crimen organizado persista y se fortalezca.<\/p>\n\n\n\n<p>El desaf\u00edo de Ecuador es ahora integral y requiere de un enfoque que trascienda la respuesta militar. La falta de ejecuci\u00f3n de los presupuestos de seguridad y la ausencia de pol\u00edticas sociales robustas se suman a la crisis. Mientras la corrupci\u00f3n siga socavando las instituciones y el sistema penitenciario permanezca bajo el control de las mafias, la tendencia de la violencia continuar\u00e1 al alza, amenazando con la desestabilizaci\u00f3n total y exigiendo un compromiso renovado del Estado y de la comunidad internacional para desmantelar las redes criminales que han cooptado la seguridad del pa\u00eds.<\/p>\n","protected":false},"excerpt":{"rendered":"<p>Ecuador ha cruzado un umbral de violencia sin precedentes, registrando el primer semestre de 2025 como el m\u00e1s sangriento de su historia reciente, con un total de 4.619 homicidios intencionales. Esta cifra representa un alarmante incremento del 47% respecto al mismo per\u00edodo de 2024, consolidando al pa\u00eds como el epicentro de una crisis de seguridad [&hellip;]<\/p>\n","protected":false},"author":2,"featured_media":14279,"comment_status":"open","ping_status":"open","sticky":false,"template":"","format":"standard","meta":{"footnotes":""},"categories":[25],"tags":[],"class_list":{"0":"post-14285","1":"post","2":"type-post","3":"status-publish","4":"format-standard","5":"has-post-thumbnail","7":"category-internacionales"},"aioseo_notices":[],"_links":{"self":[{"href":"https:\/\/lalupa24.com.ar\/index.php\/wp-json\/wp\/v2\/posts\/14285","targetHints":{"allow":["GET"]}}],"collection":[{"href":"https:\/\/lalupa24.com.ar\/index.php\/wp-json\/wp\/v2\/posts"}],"about":[{"href":"https:\/\/lalupa24.com.ar\/index.php\/wp-json\/wp\/v2\/types\/post"}],"author":[{"embeddable":true,"href":"https:\/\/lalupa24.com.ar\/index.php\/wp-json\/wp\/v2\/users\/2"}],"replies":[{"embeddable":true,"href":"https:\/\/lalupa24.com.ar\/index.php\/wp-json\/wp\/v2\/comments?post=14285"}],"version-history":[{"count":1,"href":"https:\/\/lalupa24.com.ar\/index.php\/wp-json\/wp\/v2\/posts\/14285\/revisions"}],"predecessor-version":[{"id":14286,"href":"https:\/\/lalupa24.com.ar\/index.php\/wp-json\/wp\/v2\/posts\/14285\/revisions\/14286"}],"wp:featuredmedia":[{"embeddable":true,"href":"https:\/\/lalupa24.com.ar\/index.php\/wp-json\/wp\/v2\/media\/14279"}],"wp:attachment":[{"href":"https:\/\/lalupa24.com.ar\/index.php\/wp-json\/wp\/v2\/media?parent=14285"}],"wp:term":[{"taxonomy":"category","embeddable":true,"href":"https:\/\/lalupa24.com.ar\/index.php\/wp-json\/wp\/v2\/categories?post=14285"},{"taxonomy":"post_tag","embeddable":true,"href":"https:\/\/lalupa24.com.ar\/index.php\/wp-json\/wp\/v2\/tags?post=14285"}],"curies":[{"name":"wp","href":"https:\/\/api.w.org\/{rel}","templated":true}]}}