{"id":14287,"date":"2025-11-12T17:37:10","date_gmt":"2025-11-12T20:37:10","guid":{"rendered":"https:\/\/lalupa24.com.ar\/?p=14287"},"modified":"2025-11-12T17:37:11","modified_gmt":"2025-11-12T20:37:11","slug":"paredes-responde-a-la-bomba-de-su-padre-sobre-dybala-y-boca-hablamos-varias-veces","status":"publish","type":"post","link":"https:\/\/lalupa24.com.ar\/index.php\/2025\/11\/12\/paredes-responde-a-la-bomba-de-su-padre-sobre-dybala-y-boca-hablamos-varias-veces\/","title":{"rendered":"PAREDES RESPONDE A LA BOMBA DE SU PADRE SOBRE DYBALA Y BOCA: &#8220;HABLAMOS VARIAS VECES&#8221;"},"content":{"rendered":"\n<p>El capit\u00e1n de Boca Juniors, Leandro Paredes, abord\u00f3 p\u00fablicamente los resonantes dichos de su padre, quien hab\u00eda avivado las especulaciones sobre la posible llegada de su amigo y compa\u00f1ero de selecci\u00f3n, Paulo Dybala, al club <em>Xeneize<\/em>. La declaraci\u00f3n del mediocampista, que minimiza el impacto de los rumores familiares pero confirma un di\u00e1logo recurrente con el atacante cordob\u00e9s, inyecta una nueva dosis de incertidumbre y expectativa en el mercado de pases y en la afici\u00f3n boquense.<\/p>\n\n\n\n<p>Las palabras del padre de Paredes hab\u00edan sido interpretadas por la prensa deportiva como un indicio concreto sobre gestiones o, al menos, un deseo compartido que podr\u00eda materializarse. En el contexto de un f\u00fatbol argentino cada vez m\u00e1s permeable al regreso de figuras internacionales, las especulaciones sobre Dybala, actualmente en Europa y con una carrera consolidada, toman una relevancia notoria. El jugador, que tiene contrato vigente, ha manifestado en el pasado su aprecio por Boca, aunque siempre mantuvo la cautela respecto a un retorno a corto plazo.<\/p>\n\n\n\n<p>Paredes, al ser consultado, desdramatiz\u00f3 la frase de su progenitor, a quien calific\u00f3 en tono de broma de &#8220;estar re loco&#8221;, recordando que su padre hab\u00eda vaticinado su propio regreso al club, un hecho que se concret\u00f3, aunque no sin una ola de cr\u00edticas iniciales. Esta an\u00e9cdota sirve para poner en perspectiva el grado de seriedad que deben tener estas &#8220;profec\u00edas&#8221; familiares en el entorno del f\u00fatbol.<\/p>\n\n\n\n<p>Sin embargo, el exjugador de la Juventus fue m\u00e1s all\u00e1 de la an\u00e9cdota y confirm\u00f3 que las conversaciones con Dybala son habituales: &#8220;Hablamos varias veces&#8221;, desliz\u00f3 Paredes, aunque aclar\u00f3 que su amigo &#8220;cada uno vive su vida y carrera de la manera que quiere&#8221;, respetando su proceso actual. Esta revelaci\u00f3n, aunque vaga, mantiene viva la llama del rumor, considerando la cercana relaci\u00f3n entre ambos campeones del mundo.<\/p>\n\n\n\n<p>Para el an\u00e1lisis experto, la potencial llegada de un jugador del calibre de Dybala no solo significar\u00eda un salto de calidad deportiva invaluable para Boca, sino tambi\u00e9n un impacto financiero y de <em>marketing<\/em> trascendental. Seg\u00fan analistas de mercadotecnia deportiva, una transferencia de este tipo posicionar\u00eda al club no solo como un contendiente de \u00e9lite en el continente, sino que elevar\u00eda significativamente el valor de sus derechos de imagen y ventas de indumentaria.<\/p>\n\n\n\n<p>Mientras el presente de Paredes en el club de La Ribera transcurre con elogios hacia sus compa\u00f1eros m\u00e1s j\u00f3venes, como Exequiel Zeballos, la sombra de la &#8216;Joya&#8217; Dybala sigue planeando sobre La Bombonera. La dirigencia y el cuerpo t\u00e9cnico <em>Xeneize<\/em> son conscientes del valor simb\u00f3lico y deportivo de fichar a una figura de ese calibre, lo que convierte cada declaraci\u00f3n, por m\u00ednima que sea, en un potencial catalizador de una de las transferencias m\u00e1s anheladas del<\/p>\n","protected":false},"excerpt":{"rendered":"<p>El capit\u00e1n de Boca Juniors, Leandro Paredes, abord\u00f3 p\u00fablicamente los resonantes dichos de su padre, quien hab\u00eda avivado las especulaciones sobre la posible llegada de su amigo y compa\u00f1ero de selecci\u00f3n, Paulo Dybala, al club Xeneize. La declaraci\u00f3n del mediocampista, que minimiza el impacto de los rumores familiares pero confirma un di\u00e1logo recurrente con el [&hellip;]<\/p>\n","protected":false},"author":2,"featured_media":13460,"comment_status":"open","ping_status":"open","sticky":false,"template":"","format":"standard","meta":{"footnotes":""},"categories":[100],"tags":[],"class_list":{"0":"post-14287","1":"post","2":"type-post","3":"status-publish","4":"format-standard","5":"has-post-thumbnail","7":"category-deportes"},"aioseo_notices":[],"_links":{"self":[{"href":"https:\/\/lalupa24.com.ar\/index.php\/wp-json\/wp\/v2\/posts\/14287","targetHints":{"allow":["GET"]}}],"collection":[{"href":"https:\/\/lalupa24.com.ar\/index.php\/wp-json\/wp\/v2\/posts"}],"about":[{"href":"https:\/\/lalupa24.com.ar\/index.php\/wp-json\/wp\/v2\/types\/post"}],"author":[{"embeddable":true,"href":"https:\/\/lalupa24.com.ar\/index.php\/wp-json\/wp\/v2\/users\/2"}],"replies":[{"embeddable":true,"href":"https:\/\/lalupa24.com.ar\/index.php\/wp-json\/wp\/v2\/comments?post=14287"}],"version-history":[{"count":1,"href":"https:\/\/lalupa24.com.ar\/index.php\/wp-json\/wp\/v2\/posts\/14287\/revisions"}],"predecessor-version":[{"id":14288,"href":"https:\/\/lalupa24.com.ar\/index.php\/wp-json\/wp\/v2\/posts\/14287\/revisions\/14288"}],"wp:featuredmedia":[{"embeddable":true,"href":"https:\/\/lalupa24.com.ar\/index.php\/wp-json\/wp\/v2\/media\/13460"}],"wp:attachment":[{"href":"https:\/\/lalupa24.com.ar\/index.php\/wp-json\/wp\/v2\/media?parent=14287"}],"wp:term":[{"taxonomy":"category","embeddable":true,"href":"https:\/\/lalupa24.com.ar\/index.php\/wp-json\/wp\/v2\/categories?post=14287"},{"taxonomy":"post_tag","embeddable":true,"href":"https:\/\/lalupa24.com.ar\/index.php\/wp-json\/wp\/v2\/tags?post=14287"}],"curies":[{"name":"wp","href":"https:\/\/api.w.org\/{rel}","templated":true}]}}