{"id":14293,"date":"2025-11-12T17:38:54","date_gmt":"2025-11-12T20:38:54","guid":{"rendered":"https:\/\/lalupa24.com.ar\/?p=14293"},"modified":"2025-11-12T17:38:56","modified_gmt":"2025-11-12T20:38:56","slug":"tension-en-interlagos-colapinto-critica-duramente-a-stroll-tras-nuevo-incidente-en-pista","status":"publish","type":"post","link":"https:\/\/lalupa24.com.ar\/index.php\/2025\/11\/12\/tension-en-interlagos-colapinto-critica-duramente-a-stroll-tras-nuevo-incidente-en-pista\/","title":{"rendered":"TENSI\u00d3N EN INTERLAGOS: COLAPINTO CRITICA DURAMENTE A STROLL TRAS NUEVO INCIDENTE EN PISTA"},"content":{"rendered":"\n<p>El piloto argentino Franco Colapinto no ocult\u00f3 su frustraci\u00f3n y enojo tras el Gran Premio de Brasil, apuntando directamente contra Lance Stroll por un nuevo incidente que afect\u00f3 su rendimiento en la carrera de Interlagos. La cr\u00edtica del piloto de Alpine, que culmin\u00f3 en la 15\u00aa posici\u00f3n, fue contundente y se centra en un patr\u00f3n de manejo supuestamente peligroso e irresponsable por parte del canadiense.<\/p>\n\n\n\n<p>\u201cSiempre est\u00e1 sacando gente de la pista\u201d, sentenci\u00f3 Colapinto, reflejando una irritaci\u00f3n que excede el calor del momento competitivo. El cruce entre ambos ocurri\u00f3 durante la cita en el Aut\u00f3dromo Jos\u00e9 Carlos Pace, donde el argentino sufri\u00f3 una maniobra que, seg\u00fan su testimonio, comprometi\u00f3 su coche y su estrategia. Este no es el primer encontronazo entre ambos competidores, lo que a\u00f1ade una capa de rivalidad a la denuncia p\u00fablica.<\/p>\n\n\n\n<p>El incidente se suma a una lista de acciones de Stroll que han sido cuestionadas por otros pilotos y observadores en el <em>paddock<\/em>. La percepci\u00f3n general es que el canadiense, con acceso a un asiento de privilegio, incurre repetidamente en maniobras al l\u00edmite que a menudo terminan en contacto o en obligar a sus rivales a salirse del trazado. Colapinto fue expl\u00edcito al criticar la falta de conciencia espacial de Stroll: \u201cNo mira los espejos nunca Stroll, va siempre medio no le debe estar apuntando para el auto\u201d.<\/p>\n\n\n\n<p>A pesar del percance, Colapinto logr\u00f3 una remontada notable en una carrera compleja, incluso llegando a ubicarse en el noveno lugar temporalmente y defendiendo su posici\u00f3n en varios mano a mano. Sin embargo, el incidente con Stroll se convierte en un factor decisivo en el resultado final, diluyendo las expectativas que hab\u00eda generado su gran rendimiento inicial. Para el piloto argentino, cada punto y cada posici\u00f3n son vitales en la etapa de desarrollo de su carrera, por lo que las acciones negligentes de un competidor significan una p\u00e9rdida tangible.<\/p>\n\n\n\n<p><strong>IMPLICANCIAS EN LA F\u00d3RMULA 1<\/strong><\/p>\n\n\n\n<p>El an\u00e1lisis de la prensa especializada y de los comisarios de carrera es crucial. Si bien Colapinto termin\u00f3 la carrera, la reiteraci\u00f3n de este tipo de reclamos contra Stroll podr\u00eda obligar a la Federaci\u00f3n Internacional del Autom\u00f3vil (FIA) a revisar el c\u00f3digo de conducta en pista. La seguridad y la deportividad son pilares de la m\u00e1xima categor\u00eda, y los incidentes repetitivos sugieren un riesgo potencial para la integridad de los competidores.<\/p>\n\n\n\n<p>De cara a las \u00faltimas citas del calendario, incluyendo la de Las Vegas, las declaraciones de Colapinto ponen el foco en la necesidad de mayor rigurosidad en la sanci\u00f3n de este tipo de maniobras. El joven argentino, a pesar de la frustraci\u00f3n por el 15\u00b0 puesto final, demostr\u00f3 una vez m\u00e1s su velocidad y capacidad de lucha, aunque se ve obligado a batallar no solo contra el cron\u00f3metro y sus rivales directos, sino tambi\u00e9n contra las pol\u00e9micas de la competencia.<\/p>\n","protected":false},"excerpt":{"rendered":"<p>El piloto argentino Franco Colapinto no ocult\u00f3 su frustraci\u00f3n y enojo tras el Gran Premio de Brasil, apuntando directamente contra Lance Stroll por un nuevo incidente que afect\u00f3 su rendimiento en la carrera de Interlagos. La cr\u00edtica del piloto de Alpine, que culmin\u00f3 en la 15\u00aa posici\u00f3n, fue contundente y se centra en un patr\u00f3n [&hellip;]<\/p>\n","protected":false},"author":2,"featured_media":14291,"comment_status":"open","ping_status":"open","sticky":false,"template":"","format":"standard","meta":{"footnotes":""},"categories":[100],"tags":[],"class_list":{"0":"post-14293","1":"post","2":"type-post","3":"status-publish","4":"format-standard","5":"has-post-thumbnail","7":"category-deportes"},"aioseo_notices":[],"_links":{"self":[{"href":"https:\/\/lalupa24.com.ar\/index.php\/wp-json\/wp\/v2\/posts\/14293","targetHints":{"allow":["GET"]}}],"collection":[{"href":"https:\/\/lalupa24.com.ar\/index.php\/wp-json\/wp\/v2\/posts"}],"about":[{"href":"https:\/\/lalupa24.com.ar\/index.php\/wp-json\/wp\/v2\/types\/post"}],"author":[{"embeddable":true,"href":"https:\/\/lalupa24.com.ar\/index.php\/wp-json\/wp\/v2\/users\/2"}],"replies":[{"embeddable":true,"href":"https:\/\/lalupa24.com.ar\/index.php\/wp-json\/wp\/v2\/comments?post=14293"}],"version-history":[{"count":1,"href":"https:\/\/lalupa24.com.ar\/index.php\/wp-json\/wp\/v2\/posts\/14293\/revisions"}],"predecessor-version":[{"id":14294,"href":"https:\/\/lalupa24.com.ar\/index.php\/wp-json\/wp\/v2\/posts\/14293\/revisions\/14294"}],"wp:featuredmedia":[{"embeddable":true,"href":"https:\/\/lalupa24.com.ar\/index.php\/wp-json\/wp\/v2\/media\/14291"}],"wp:attachment":[{"href":"https:\/\/lalupa24.com.ar\/index.php\/wp-json\/wp\/v2\/media?parent=14293"}],"wp:term":[{"taxonomy":"category","embeddable":true,"href":"https:\/\/lalupa24.com.ar\/index.php\/wp-json\/wp\/v2\/categories?post=14293"},{"taxonomy":"post_tag","embeddable":true,"href":"https:\/\/lalupa24.com.ar\/index.php\/wp-json\/wp\/v2\/tags?post=14293"}],"curies":[{"name":"wp","href":"https:\/\/api.w.org\/{rel}","templated":true}]}}