{"id":1430,"date":"2024-05-27T13:43:11","date_gmt":"2024-05-27T16:43:11","guid":{"rendered":"https:\/\/lalupa24.com.ar\/?p=1430"},"modified":"2024-05-27T13:43:13","modified_gmt":"2024-05-27T16:43:13","slug":"58o-anos-de-la-villa-rural-el-palmar-el-gobierno-provincial-acompano-el-acto-aniversario-central","status":"publish","type":"post","link":"https:\/\/lalupa24.com.ar\/index.php\/2024\/05\/27\/58o-anos-de-la-villa-rural-el-palmar-el-gobierno-provincial-acompano-el-acto-aniversario-central\/","title":{"rendered":"58\u00ba a\u00f1os de la Villa Rural El Palmar: el gobierno provincial acompa\u00f1\u00f3 el acto aniversario central"},"content":{"rendered":"\n<p>El pasado 25 de mayo, en el marco del 214\u00b0 aniversario de la Revoluci\u00f3n de Mayo, los vecinos de Villa Rural El Palmar celebraron tambi\u00e9n su cumplea\u00f1os N\u00b058 con espect\u00e1culos musicales y diversas actividades. En representaci\u00f3n del gobierno provincial, asisti\u00f3 el Secretario de Asuntos Estrat\u00e9gicos, Marcos Resico para acompa\u00f1ar al intendente Ariel Lovey y a toda la comunidad.<\/p>\n\n\n\n<p>Durante la celebraci\u00f3n, coincidente con el d\u00eda patri\u00f3tico, se desarroll\u00f3 en la plaza principal donde se entregaron reconocimientos a vecinos de El Palmar. En este sentido, el funcionario provincial, Marcos Resico llev\u00f3 el saludo del gobernador Leandro Zdero y agradeci\u00f3 la invitaci\u00f3n de poder celebrar esta importante fecha junto a la comunidad. \u201cEl gobernador nos pide estar cerca de los pobladores para conocer las necesidades de cada localidad y as\u00ed dise\u00f1ar ejes de pol\u00edticas p\u00fablicas que brinden soluciones a todos. Es un placer estar ac\u00e1, contentos de estar en una fiesta patria, y disfrutando con la comunidad de este nuevo aniversario\u201d- asegur\u00f3.<\/p>\n\n\n\n<p>Por su parte, Ariel Lovey, el intendente de Quitilipi, la jurisdicci\u00f3n al cual pertenece El Palmar manifest\u00f3: \u201cMuy contento de acompa\u00f1ar a los vecinos en un a\u00f1o m\u00e1s, el pueblo va creciendo, soy nacido y criado en este lugar devolvi\u00e9ndole a nuestro pueblo, desde la responsabilidad que me toca, todo lo mejor. Trabajamos d\u00eda a d\u00eda para mejorar la calidad de vida de la comunidad\u201d.<\/p>\n","protected":false},"excerpt":{"rendered":"<p>El pasado 25 de mayo, en el marco del 214\u00b0 aniversario de la Revoluci\u00f3n de Mayo, los vecinos de Villa Rural El Palmar celebraron tambi\u00e9n su cumplea\u00f1os N\u00b058 con espect\u00e1culos musicales y diversas actividades. En representaci\u00f3n del gobierno provincial, asisti\u00f3 el Secretario de Asuntos Estrat\u00e9gicos, Marcos Resico para acompa\u00f1ar al intendente Ariel Lovey y a [&hellip;]<\/p>\n","protected":false},"author":2,"featured_media":1431,"comment_status":"open","ping_status":"open","sticky":false,"template":"","format":"standard","meta":{"footnotes":""},"categories":[27],"tags":[],"class_list":{"0":"post-1430","1":"post","2":"type-post","3":"status-publish","4":"format-standard","5":"has-post-thumbnail","7":"category-interior"},"aioseo_notices":[],"_links":{"self":[{"href":"https:\/\/lalupa24.com.ar\/index.php\/wp-json\/wp\/v2\/posts\/1430","targetHints":{"allow":["GET"]}}],"collection":[{"href":"https:\/\/lalupa24.com.ar\/index.php\/wp-json\/wp\/v2\/posts"}],"about":[{"href":"https:\/\/lalupa24.com.ar\/index.php\/wp-json\/wp\/v2\/types\/post"}],"author":[{"embeddable":true,"href":"https:\/\/lalupa24.com.ar\/index.php\/wp-json\/wp\/v2\/users\/2"}],"replies":[{"embeddable":true,"href":"https:\/\/lalupa24.com.ar\/index.php\/wp-json\/wp\/v2\/comments?post=1430"}],"version-history":[{"count":1,"href":"https:\/\/lalupa24.com.ar\/index.php\/wp-json\/wp\/v2\/posts\/1430\/revisions"}],"predecessor-version":[{"id":1432,"href":"https:\/\/lalupa24.com.ar\/index.php\/wp-json\/wp\/v2\/posts\/1430\/revisions\/1432"}],"wp:featuredmedia":[{"embeddable":true,"href":"https:\/\/lalupa24.com.ar\/index.php\/wp-json\/wp\/v2\/media\/1431"}],"wp:attachment":[{"href":"https:\/\/lalupa24.com.ar\/index.php\/wp-json\/wp\/v2\/media?parent=1430"}],"wp:term":[{"taxonomy":"category","embeddable":true,"href":"https:\/\/lalupa24.com.ar\/index.php\/wp-json\/wp\/v2\/categories?post=1430"},{"taxonomy":"post_tag","embeddable":true,"href":"https:\/\/lalupa24.com.ar\/index.php\/wp-json\/wp\/v2\/tags?post=1430"}],"curies":[{"name":"wp","href":"https:\/\/api.w.org\/{rel}","templated":true}]}}