{"id":14337,"date":"2025-11-13T13:15:30","date_gmt":"2025-11-13T16:15:30","guid":{"rendered":"https:\/\/lalupa24.com.ar\/?p=14337"},"modified":"2025-11-13T13:15:31","modified_gmt":"2025-11-13T16:15:31","slug":"tragedia-de-once-de-vido-se-entrego-a-la-justicia-y-quedo-detenido","status":"publish","type":"post","link":"https:\/\/lalupa24.com.ar\/index.php\/2025\/11\/13\/tragedia-de-once-de-vido-se-entrego-a-la-justicia-y-quedo-detenido\/","title":{"rendered":"Tragedia de Once: De Vido se entreg\u00f3 a la Justicia y qued\u00f3 detenido"},"content":{"rendered":"\n<p>\u00a0El exministro de Planificaci\u00f3n Federal kirchnerista\u00a0Julio De Vido\u00a0se entreg\u00f3 este jueves a la ma\u00f1ana en los tribunales de Comodoro Py y qued\u00f3 formalmente\u00a0detenido\u00a0para comenzar a cumplir su condena en la causa por la\u00a0tragedia ferroviaria de Once. Minutos despu\u00e9s de las 8, el exfuncionario arrib\u00f3 al edificio judicial a bordo de un Volkswagen Nivus. Evit\u00f3 hacer declaraciones ante la prensa y se dirigi\u00f3 en ascensor al sexto piso, donde est\u00e1 el tribunal que lo conden\u00f3. Fue casi media hora antes de lo previsto:\u00a0lo hab\u00edan citado para las 8.30.<\/p>\n\n\n\n<p>La entrega se concret\u00f3 luego de que la\u00a0Corte Suprema de Justicia\u00a0rechazara el miercoles un ultimo recurso presentado por su derfensa para evitar la prisi\u00f3n<\/p>\n\n\n\n<p>Con esa decisi\u00f3n, el m\u00e1ximo tribunal dej\u00f3 firme la sentencia del\u00a0Tribunal Oral Federal (TOF) N.\u00ba 4\u00a0\u2014integrado por los jueces\u00a0Ricardo Bas\u00edlico, Fernando Canero y Guillermo Costabel\u2014, que lo hab\u00eda condenado en 2018 a\u00a0cinco a\u00f1os de prisi\u00f3n por administraci\u00f3n fraudulenta, pena que luego la C\u00e1mara de Casaci\u00f3n redujo a\u00a0cuatro a\u00f1os.<\/p>\n\n\n\n<p>Ahora, el TOF 4 debe todav\u00eda definir\u00a0si aceptar\u00e1 el pedido del exministro para cumplir la pena en su casa.\u00a0El tr\u00e1mite podr\u00eda demorar algunas semanas. Mientras tanto, permanecer\u00eda en el penal de Ezeiza.<\/p>\n\n\n\n<p>El hall del sexto piso, donde est\u00e1 ubicado el ingreso al tribunal, se encuentra parcialmente&nbsp;<strong>cerrado por un operativo especial<\/strong>&nbsp;de las fuerzas de seguridad, que combina agentes del Servicio Penitenciario, la Polic\u00eda de la Ciudad y la Polic\u00eda Federal.<\/p>\n\n\n\n<p>El exfuncionario, que qued\u00f3 formalmente detenido, se conect\u00f3 desde all\u00ed a la segunda audiencia del juicio por los cuadernos de las coimas, en el que est\u00e1 acusado como miembro y organizador de una asociaci\u00f3n il\u00edcita.<\/p>\n\n\n\n<p>El tribunal afirm\u00f3 ayer, en un escrito ampliatorio, que<strong>&nbsp;arbitrar\u00eda las medidas necesarias para garantizar la conexi\u00f3n de De Vido a ese otro proceso.&nbsp;<\/strong>Para ello, de hecho, adelant\u00f3 el horario de la detenci\u00f3n, previsto originalmente para las 10.<\/p>\n\n\n\n<p>Finalizada la audiencia, el exfuncionario ser\u00e1 trasladado al penal de Ezeiza.<\/p>\n\n\n\n<p>El fraude al Estado por la tragedia ferroviaria de Once es la primera de las tres condenas que pesan sobre el exfuncionario en quedar firme.<\/p>\n\n\n\n<p>Tiene otra condena por fraude a cuatro a\u00f1os de prisi\u00f3n, por la compra de trenes chatarra a Espa\u00f1a y Portugal; y otra, tambi\u00e9n por fraude, por la compra de gas natural licuado, en un expediente que forma parte del caso ampliado de los cuadernos<\/p>\n\n\n\n<p>El exfuncionario fue hallado\u00a0culpable como part\u00edcipe necesario del delito de administraci\u00f3n fraudulenta\u00a0en perjuicio del Estado por el manejo de los subsidios al ferrocarril Sarmiento, cuya deficiente administraci\u00f3n deriv\u00f3 en el choque ocurrido el\u00a022 de febrero de 2012, que dej\u00f3\u00a052 muertos y m\u00e1s de 700 heridos.<\/p>\n\n\n\n<p>Tras el rechazo de la Corte, la defensa de De Vido, encabezada por\u00a0Maximiliano Rusconi, present\u00f3 un\u00a0recurso de reposici\u00f3n\u00a0<em>in extremis<\/em>, alegando que a\u00fan resta resolver un planteo de\u00a0prescripci\u00f3n de la acci\u00f3n penal. Pero los jueces del TOF desestimaron ese intento al se\u00f1alar que \u201clos motivos esgrimidos no encuadran en ninguno de los supuestos legales\u201d para suspender una condena firme.<\/p>\n\n\n\n<p>\u201cEl cumplimiento de la sentencia es una obligaci\u00f3n de esta judicatura, que no puede ser sorteada sin sustento legal\u201d,\u00a0advirtieron los magistrados en su resoluci\u00f3n, y subrayaron: \u201cPor consiguiente, reiteramos que\u00a0la prosecuci\u00f3n de la ejecuci\u00f3n penal\u00a0es una obligaci\u00f3n que compete a esta judicatura, y cuyo cumplimiento no puede ser sorteado sin el debido sustento legal\u201d.<\/p>\n\n\n\n<p>De Vido, de\u00a075 a\u00f1os, solicit\u00f3 cumplir la condena en su\u00a0domicilio, alegando su edad y problemas de salud. El TOF deber\u00e1 resolver si le concede ese beneficio una vez que el exministro sea trasladado a un penal federal.<\/p>\n\n\n\n<p>En paralelo, la defensa anunci\u00f3 que presentar\u00e1 una\u00a0denuncia ante el Grupo de Trabajo sobre Detenciones Arbitrarias de la ONU, el mismo organismo que en 2016 se pronunci\u00f3 a favor de\u00a0Milagro Sala, para intentar revertir la detenci\u00f3n.<\/p>\n\n\n\n<p>En un comunicado, Rusconi cuestion\u00f3 con duras cr\u00edticas a la Corte Suprema por haber rechazado\u00a0uno de sus recursos de queja y haber dejado firme la condena a cuatro a\u00f1os de prisi\u00f3n ordenada en 2018 por el TOF 4, que lo consider\u00f3 part\u00edcipe del delito de administraci\u00f3n fraudulenta.<\/p>\n\n\n\n<p>\u201cLa Corte Suprema de Justicia de la Naci\u00f3n, con velocidad sospechosa y oportunismo evidente -dice el comunicado-, en contra de sus propios antecedentes y en un absoluto exceso de jurisdicci\u00f3n, ha rechazado, sin siquiera tratarlo, un recurso de queja en el cual esta defensa cuestionaba la legitimidad y el monto de la pena impuesta por la Sala III de la C\u00e1mara Federal de Casaci\u00f3n Penal<\/p>\n","protected":false},"excerpt":{"rendered":"<p>\u00a0El exministro de Planificaci\u00f3n Federal kirchnerista\u00a0Julio De Vido\u00a0se entreg\u00f3 este jueves a la ma\u00f1ana en los tribunales de Comodoro Py y qued\u00f3 formalmente\u00a0detenido\u00a0para comenzar a cumplir su condena en la causa por la\u00a0tragedia ferroviaria de Once. Minutos despu\u00e9s de las 8, el exfuncionario arrib\u00f3 al edificio judicial a bordo de un Volkswagen Nivus. Evit\u00f3 hacer [&hellip;]<\/p>\n","protected":false},"author":2,"featured_media":14338,"comment_status":"open","ping_status":"open","sticky":false,"template":"","format":"standard","meta":{"footnotes":""},"categories":[26],"tags":[],"class_list":{"0":"post-14337","1":"post","2":"type-post","3":"status-publish","4":"format-standard","5":"has-post-thumbnail","7":"category-nacionales"},"aioseo_notices":[],"_links":{"self":[{"href":"https:\/\/lalupa24.com.ar\/index.php\/wp-json\/wp\/v2\/posts\/14337","targetHints":{"allow":["GET"]}}],"collection":[{"href":"https:\/\/lalupa24.com.ar\/index.php\/wp-json\/wp\/v2\/posts"}],"about":[{"href":"https:\/\/lalupa24.com.ar\/index.php\/wp-json\/wp\/v2\/types\/post"}],"author":[{"embeddable":true,"href":"https:\/\/lalupa24.com.ar\/index.php\/wp-json\/wp\/v2\/users\/2"}],"replies":[{"embeddable":true,"href":"https:\/\/lalupa24.com.ar\/index.php\/wp-json\/wp\/v2\/comments?post=14337"}],"version-history":[{"count":1,"href":"https:\/\/lalupa24.com.ar\/index.php\/wp-json\/wp\/v2\/posts\/14337\/revisions"}],"predecessor-version":[{"id":14339,"href":"https:\/\/lalupa24.com.ar\/index.php\/wp-json\/wp\/v2\/posts\/14337\/revisions\/14339"}],"wp:featuredmedia":[{"embeddable":true,"href":"https:\/\/lalupa24.com.ar\/index.php\/wp-json\/wp\/v2\/media\/14338"}],"wp:attachment":[{"href":"https:\/\/lalupa24.com.ar\/index.php\/wp-json\/wp\/v2\/media?parent=14337"}],"wp:term":[{"taxonomy":"category","embeddable":true,"href":"https:\/\/lalupa24.com.ar\/index.php\/wp-json\/wp\/v2\/categories?post=14337"},{"taxonomy":"post_tag","embeddable":true,"href":"https:\/\/lalupa24.com.ar\/index.php\/wp-json\/wp\/v2\/tags?post=14337"}],"curies":[{"name":"wp","href":"https:\/\/api.w.org\/{rel}","templated":true}]}}