{"id":14340,"date":"2025-11-13T13:18:12","date_gmt":"2025-11-13T16:18:12","guid":{"rendered":"https:\/\/lalupa24.com.ar\/?p=14340"},"modified":"2025-11-13T13:18:13","modified_gmt":"2025-11-13T16:18:13","slug":"caputo-hablo-ante-los-empresarios-de-la-uia-en-la-mayoria-de-los-paises-el-dolar-no-flota-libremente-no-nos-agrandemos","status":"publish","type":"post","link":"https:\/\/lalupa24.com.ar\/index.php\/2025\/11\/13\/caputo-hablo-ante-los-empresarios-de-la-uia-en-la-mayoria-de-los-paises-el-dolar-no-flota-libremente-no-nos-agrandemos\/","title":{"rendered":"Caputo habl\u00f3 ante los empresarios de la UIA: \u201cEn la mayor\u00eda de los pa\u00edses el d\u00f3lar no flota libremente, no nos agrandemos\u201d"},"content":{"rendered":"\n<h2 class=\"wp-block-heading\"><\/h2>\n\n\n\n<p>La discusi\u00f3n sobre el r\u00e9gimen cambiario sigue en el centro de la escena y tambi\u00e9n en el discurso del ministro de Econom\u00eda,\u00a0Luis Caputo, que se esfuerza por despejar las dudas y redobl\u00f3 sus justificaciones sobre la flotaci\u00f3n entre bandas.<\/p>\n\n\n\n<p>\u201cHay que graduarse primero antes de flotar libremente. La mayor\u00eda de los pa\u00edses no flota libremente, no flota nadie.\u00a0No nos agrandemos tampoco, porque ya nos pas\u00f3 en el pasado que intentamos flotar y no estaban las condiciones y cuando tenemos un shock tenemos que poner cepo\u201d, sostuvo.<\/p>\n\n\n\n<p>Las declaraciones de Caputo se dieron en la 31\u00aa Conferencia de la Industria, con el lema \u201cel futuro se produce hoy\u201d, que se desarroll\u00f3 este jueves en el\u00a0Centro de Convenciones Buenos Aires (CEC). En donde se re\u00fanen los principales referentes del empresariado nacional, miembros del Gobierno y especialistas del \u00e1mbito acad\u00e9mico.<\/p>\n\n\n\n<p>\u201cCuando las cosas empiezan a ir mejor queremos correr m\u00e1s r\u00e1pido de lo que nos dan las piernas\u201d, afirm\u00f3 respecto al debate de s\u00ed se tienen que dejar las bandas o dejar el que el d\u00f3lar flote libremente. A su vez, de que Argentina tiene una inestabilidad en la demanda de dinero, que se expuso en estos \u00faltimos cuatro meses, cuando m\u00e1s del\u00a040%\u00a0del M2 privado se dolariz\u00f3.<\/p>\n\n\n\n<p>\u201cPara el que todav\u00eda no est\u00e1 convencido con todo esto: el mercado de cambios nuestro est\u00e1 operando\u00a0USD 200 millones\u00a0por d\u00eda. Pero si alguien cree que se puede flotar libremente, en un mercado que lo hace en\u00a0USD 90 millones,\u00a0USD 200 millones\u00a0por d\u00eda, creo que nunca operaron un mercado&#8221;, agreg\u00f3.<\/p>\n\n\n\n<p>Y asegur\u00f3 que no hay que flotar para comprar reservas y la prueba de ello es que est\u00e9 el Gobierno que m\u00e1s compro, pero que no se refleja en el Banco Central de la Rep\u00fablica Argentina (BCRA) porque se tuvo que pagar deuda. \u201cFuimos a Estados Unidos a garantizar el pago de los pr\u00f3ximos a\u00f1os\u00a0(&#8230;). Vamos a acumular reservas y m\u00e1s de que lo que cualquiera puede estar pensando&#8221;, destac\u00f3.<\/p>\n\n\n\n<p>Pero que no quieren comprar d\u00f3lares contra pesos que la gente no demanda, porque eso llevar\u00eda a la esterilizaci\u00f3n, \u201cun d\u00e9ficit cuasi fiscal fenomenal\u201d. As\u00ed, la estrategia es compra reservas inteligentemente.<\/p>\n\n\n\n<p>El evento se da en un contexto de\u00a0actividad en baja, incremento de\u00a0importaciones\u00a0y debate sobre el llamado\u00a0\u201ccosto argentino\u201d. Y si bien la c\u00fapula de la Uni\u00f3n Industrial Argentina (UIA) cambio a mediados de a\u00f1o, y tiene a\u00a0Mart\u00edn Rappallini\u00a0como presidente, los reclamos contin\u00faan siendo los mismos: que se nivele la cancha en t\u00e9rminos impositivos y de infraestructura.<\/p>\n\n\n\n<p>\u201cLa econom\u00eda se empez\u00f3 a planchar a partir de los ataques que sufrimos en el Congreso. La parte positiva de esto es que despu\u00e9s de las elecciones parece haber habido una recuperaci\u00f3n fenomenal, esperamos un tercer trimestre bastante positivo y para el a\u00f1o que viene una proyecci\u00f3n optimista\u201d, afirm\u00f3.<\/p>\n\n\n\n<p>En la antesala de la conferencia hab\u00eda expectativa por parte de los empresarios de que Caputo realice un anuncio para el sector, como ha hecho con otros sectores en este tipo de eventos. Antes de la reforma laboral e impositiva que el oficialismo prometi\u00f3 enviar en las sesiones extraordinarias.<\/p>\n\n\n\n<p>\u201cSe combina un factor econ\u00f3mico, social y finalmente uno pol\u00edtico porque el 10 de diciembre vamos a tener un cambio de Congreso que nos va a permitir tener un Congreso alineado con lo que la gente voto ir\u201d, asegur\u00f3.<\/p>\n\n\n\n<p>Ahora parece que el Gobierno y la UIA est\u00e1n recomponiendo su relaci\u00f3n luego de los momentos de tensi\u00f3n. Y si bien el presidente\u00a0Javier\u00a0Milei\u00a0no asiste hoy por cuestiones de agenda, envi\u00f3 al ministro Caputo y al flamante ministro de Interior,\u00a0Diego Santilli.<\/p>\n\n\n\n<p>Se trata de una semana con una agenda cargada para el ministro, en donde sali\u00f3 a responderle a quienes le exigen que deje flotar al d\u00f3lar, entre ellos el exministro de Econom\u00eda,\u00a0Domingo Cavallo. A pesar de que el fin de semana trascendi\u00f3 que le habr\u00eda adelantado a inversores en Estados Unidos que eval\u00faa modificaciones en el r\u00e9gimen cambiario<\/p>\n","protected":false},"excerpt":{"rendered":"<p>La discusi\u00f3n sobre el r\u00e9gimen cambiario sigue en el centro de la escena y tambi\u00e9n en el discurso del ministro de Econom\u00eda,\u00a0Luis Caputo, que se esfuerza por despejar las dudas y redobl\u00f3 sus justificaciones sobre la flotaci\u00f3n entre bandas. \u201cHay que graduarse primero antes de flotar libremente. La mayor\u00eda de los pa\u00edses no flota libremente, [&hellip;]<\/p>\n","protected":false},"author":2,"featured_media":14341,"comment_status":"open","ping_status":"open","sticky":false,"template":"","format":"standard","meta":{"footnotes":""},"categories":[24,26],"tags":[],"class_list":{"0":"post-14340","1":"post","2":"type-post","3":"status-publish","4":"format-standard","5":"has-post-thumbnail","7":"category-economia","8":"category-nacionales"},"aioseo_notices":[],"_links":{"self":[{"href":"https:\/\/lalupa24.com.ar\/index.php\/wp-json\/wp\/v2\/posts\/14340","targetHints":{"allow":["GET"]}}],"collection":[{"href":"https:\/\/lalupa24.com.ar\/index.php\/wp-json\/wp\/v2\/posts"}],"about":[{"href":"https:\/\/lalupa24.com.ar\/index.php\/wp-json\/wp\/v2\/types\/post"}],"author":[{"embeddable":true,"href":"https:\/\/lalupa24.com.ar\/index.php\/wp-json\/wp\/v2\/users\/2"}],"replies":[{"embeddable":true,"href":"https:\/\/lalupa24.com.ar\/index.php\/wp-json\/wp\/v2\/comments?post=14340"}],"version-history":[{"count":1,"href":"https:\/\/lalupa24.com.ar\/index.php\/wp-json\/wp\/v2\/posts\/14340\/revisions"}],"predecessor-version":[{"id":14342,"href":"https:\/\/lalupa24.com.ar\/index.php\/wp-json\/wp\/v2\/posts\/14340\/revisions\/14342"}],"wp:featuredmedia":[{"embeddable":true,"href":"https:\/\/lalupa24.com.ar\/index.php\/wp-json\/wp\/v2\/media\/14341"}],"wp:attachment":[{"href":"https:\/\/lalupa24.com.ar\/index.php\/wp-json\/wp\/v2\/media?parent=14340"}],"wp:term":[{"taxonomy":"category","embeddable":true,"href":"https:\/\/lalupa24.com.ar\/index.php\/wp-json\/wp\/v2\/categories?post=14340"},{"taxonomy":"post_tag","embeddable":true,"href":"https:\/\/lalupa24.com.ar\/index.php\/wp-json\/wp\/v2\/tags?post=14340"}],"curies":[{"name":"wp","href":"https:\/\/api.w.org\/{rel}","templated":true}]}}