{"id":14343,"date":"2025-11-13T13:20:34","date_gmt":"2025-11-13T16:20:34","guid":{"rendered":"https:\/\/lalupa24.com.ar\/?p=14343"},"modified":"2025-11-13T13:20:38","modified_gmt":"2025-11-13T16:20:38","slug":"cinco-gobernadores-negocian-el-armado-de-un-frente-en-el-congreso-y-debilitan-al-peronismo","status":"publish","type":"post","link":"https:\/\/lalupa24.com.ar\/index.php\/2025\/11\/13\/cinco-gobernadores-negocian-el-armado-de-un-frente-en-el-congreso-y-debilitan-al-peronismo\/","title":{"rendered":"Cinco gobernadores negocian el armado de un frente en el Congreso y debilitan al peronismo"},"content":{"rendered":"\n<h2 class=\"wp-block-heading\"><\/h2>\n\n\n\n<p>Son cinco gobernadores de diferentes extracciones partidarias, pero con objetivos concurrentes: conseguir obras y recursos para sus provincias, despegarse de la oposici\u00f3n a ultranza que plantea el peronismo alineado con Cristina Kirchner, y apoyar las reformas que propuso Javier Milei para llevar al Congreso.<\/p>\n\n\n\n<p>Los peronistas\u00a0Gustavo S\u00e1enz\u00a0(Salta),\u00a0Ra\u00fal Jalil\u00a0(Catamarca) y el tucumano\u00a0Osvaldo Jaldo, m\u00e1s el misionero\u00a0Hugo Passalacqua\u00a0(que responde al caudillo Carlos Rovira) y el neuquino\u00a0Rolando \u201cRolo\u201d Figueroa\u00a0podr\u00edan integrar este frente, que tendr\u00eda una traducci\u00f3n en el Congreso, con un formato que todav\u00eda no est\u00e1 resuelto.<\/p>\n\n\n\n<p>\u201cPuede ser un bloque \u00fanico o un interbloque. Todav\u00eda se est\u00e1 definiendo\u201d, revel\u00f3 anoche una fuente con acceso a varios de los mandatarios mencionados. Aunque tentaron al santiague\u00f1o Gerardo Zamora, hasta ahora el gobernador y futuro senador se mantiene orbitando en el kirchnerismo. \u201cEs un hombre de Estado. Nadie piensa que vaya a hacer lo que quieren en San Jos\u00e9 1111\u2033<\/p>\n\n\n\n<p>La versi\u00f3n trascendi\u00f3 antes de la reuni\u00f3n que esta ma\u00f1ana tuvo S\u00e1ez con el jefe de Gabinete, Manuel Adorni, y el ministro del Interior, Diego Santilli, que concluir\u00e1 la semana que viene el recorrido por las provincias con gobernadores dispuestos a negociar acuerdos perdurables con la Casa Rosada.<\/p>\n\n\n\n<p>Jaldo ya tiene un bloque propio, denominado Independencia, que est\u00e1 corrido Uni\u00f3n por la Patria, que ayer perdi\u00f3 dos diputados por San Luis. El armado de esta nueva bancada \u201cfederal\u201d convivir\u00e1 con otro sector, tambi\u00e9n dialoguista, que es Provincias Unidas. \u201cNo est\u00e1 prevista una integraci\u00f3n con ellos, m\u00e1s all\u00e1 de que podamos votar en el mismo sentido\u201d, abund\u00f3 el portavoz<\/p>\n\n\n\n<p>El gobierno de Milei ya tiene garantizada una bancada oficialista que orilla los 100 diputados, junto con el PRO, que despu\u00e9s de la reuni\u00f3n de Mauricio Macri confirm\u00f3 que tendr\u00e1 un bloque propio, aunque apoyar\u00e1 las reformas que anunci\u00f3 la Casa Rosada para ser tratadas en sesiones extraordinarias, entre diciembre y febrero.<\/p>\n\n\n\n<p>El nuevo sector de esos cinco gobernadores podr\u00eda aportar entre 25 y 30 diputados y senadores.\u00a0\u201cLas cuentas se van a poder hacer cuando haya una decisi\u00f3n definitiva y se saquen la foto\u201d, consignaron las fuentes partidarias.<\/p>\n\n\n\n<p>Las cinco provincias estuvieron representadas en la reuni\u00f3n que encabez\u00f3 Javier Milei despu\u00e9s de la victoria categ\u00f3rica en las elecciones y tuvieron contactos formales e informales con el Gobierno, que tiene como prioridad la aprobaci\u00f3n del Presupuesto, la modernizaci\u00f3n laboral, la reforma tributaria y el endurecimiento del C\u00f3digo Penal.<\/p>\n\n\n\n<p>Son iniciativas que requerir\u00e1n de una mayor\u00eda de, al menos, 129 diputados y 37 senadores, un n\u00famero que est\u00e1 al alcance de la Casa Rosada. M\u00e1s lejos qued\u00f3 el n\u00facleo m\u00e1s duro del peronismo, que se opone a las reformas.<\/p>\n\n\n\n<p>En las \u00faltimas horas, hubo una declaraci\u00f3n p\u00fablica que abon\u00f3 la posibilidad de la construcci\u00f3n de ese frente. Si bien no se refiri\u00f3 al tema, en una entrevista con LN+, Jalil se mostr\u00f3 en contra de que \u201cla agenda pol\u00edtica la vaya a manejar el Conurbano\u201d y record\u00f3 que Osvaldo Jaldo ya tiene un bloque propio. \u201cNos tienen que dejar a los gobernadores la posibilidad de negociar\u201d, afirm\u00f3.<\/p>\n\n\n\n<p>\u201cA m\u00ed me gustar\u00eda que un presidente del bloque sea del interior y que el di\u00e1logo sea parte de la pol\u00edtica y el consenso. No hay una sola verdad, sino que la verdad se ha demostrado cuando se vota. Cuando pasa la votaci\u00f3n, uno tiene que escuchar al pueblo, a quien ha votado, y tomar las decisiones\u201d, afirm\u00f3.<\/p>\n\n\n\n<p>Cuando habl\u00f3 Jalil, todav\u00eda no hab\u00eda trascendido la negociaci\u00f3n entre los cinco gobernadores.<\/p>\n","protected":false},"excerpt":{"rendered":"<p>Son cinco gobernadores de diferentes extracciones partidarias, pero con objetivos concurrentes: conseguir obras y recursos para sus provincias, despegarse de la oposici\u00f3n a ultranza que plantea el peronismo alineado con Cristina Kirchner, y apoyar las reformas que propuso Javier Milei para llevar al Congreso. Los peronistas\u00a0Gustavo S\u00e1enz\u00a0(Salta),\u00a0Ra\u00fal Jalil\u00a0(Catamarca) y el tucumano\u00a0Osvaldo Jaldo, m\u00e1s el misionero\u00a0Hugo [&hellip;]<\/p>\n","protected":false},"author":2,"featured_media":14344,"comment_status":"open","ping_status":"open","sticky":false,"template":"","format":"standard","meta":{"footnotes":""},"categories":[26],"tags":[],"class_list":{"0":"post-14343","1":"post","2":"type-post","3":"status-publish","4":"format-standard","5":"has-post-thumbnail","7":"category-nacionales"},"aioseo_notices":[],"_links":{"self":[{"href":"https:\/\/lalupa24.com.ar\/index.php\/wp-json\/wp\/v2\/posts\/14343","targetHints":{"allow":["GET"]}}],"collection":[{"href":"https:\/\/lalupa24.com.ar\/index.php\/wp-json\/wp\/v2\/posts"}],"about":[{"href":"https:\/\/lalupa24.com.ar\/index.php\/wp-json\/wp\/v2\/types\/post"}],"author":[{"embeddable":true,"href":"https:\/\/lalupa24.com.ar\/index.php\/wp-json\/wp\/v2\/users\/2"}],"replies":[{"embeddable":true,"href":"https:\/\/lalupa24.com.ar\/index.php\/wp-json\/wp\/v2\/comments?post=14343"}],"version-history":[{"count":1,"href":"https:\/\/lalupa24.com.ar\/index.php\/wp-json\/wp\/v2\/posts\/14343\/revisions"}],"predecessor-version":[{"id":14345,"href":"https:\/\/lalupa24.com.ar\/index.php\/wp-json\/wp\/v2\/posts\/14343\/revisions\/14345"}],"wp:featuredmedia":[{"embeddable":true,"href":"https:\/\/lalupa24.com.ar\/index.php\/wp-json\/wp\/v2\/media\/14344"}],"wp:attachment":[{"href":"https:\/\/lalupa24.com.ar\/index.php\/wp-json\/wp\/v2\/media?parent=14343"}],"wp:term":[{"taxonomy":"category","embeddable":true,"href":"https:\/\/lalupa24.com.ar\/index.php\/wp-json\/wp\/v2\/categories?post=14343"},{"taxonomy":"post_tag","embeddable":true,"href":"https:\/\/lalupa24.com.ar\/index.php\/wp-json\/wp\/v2\/tags?post=14343"}],"curies":[{"name":"wp","href":"https:\/\/api.w.org\/{rel}","templated":true}]}}