{"id":14346,"date":"2025-11-13T13:23:48","date_gmt":"2025-11-13T16:23:48","guid":{"rendered":"https:\/\/lalupa24.com.ar\/?p=14346"},"modified":"2025-11-13T13:23:49","modified_gmt":"2025-11-13T16:23:49","slug":"nuevo-acercamiento-del-gobierno-con-un-gobernador-adorni-y-santilli-se-reunieron-con-saenz-y-crece-la-posibilidad-de-un-acuerdo-por-las-reformas","status":"publish","type":"post","link":"https:\/\/lalupa24.com.ar\/index.php\/2025\/11\/13\/nuevo-acercamiento-del-gobierno-con-un-gobernador-adorni-y-santilli-se-reunieron-con-saenz-y-crece-la-posibilidad-de-un-acuerdo-por-las-reformas\/","title":{"rendered":"Nuevo acercamiento del Gobierno con un gobernador: Adorni y Santilli se reunieron con S\u00e1enz y crece la posibilidad de un acuerdo por las reformas"},"content":{"rendered":"\n<h2 class=\"wp-block-heading\"><\/h2>\n\n\n\n<p>El ministro del Interior, Diego Santilli, contin\u00faa con su raid de reuniones con gobernadores\u00a0para anotar las demandas de cada una de las provincias antes de que inicie el per\u00edodo de sesiones extraordinarias y comience la etapa final de las negociaciones por el\u00a0Presupuesto 2026.<\/p>\n\n\n\n<p>En su primera semana como funcionario ya se junt\u00f3 con 10 de los 20 mandatarios provinciales que estuvieron con Milei. La semana que viene prev\u00e9 terminar la peregrinaci\u00f3n para ver a la totalidad para sumar apoyos.<\/p>\n\n\n\n<p>Esta ma\u00f1ana fue el turno del gobernador de\u00a0Salta,\u00a0Gustavo S\u00e1enz, que se reuni\u00f3 por casi una hora y media con el jefe de Gabinete,\u00a0Manuel Adorni, y con Santilli para conversar sobre los pr\u00f3ximos pasos de las negociaciones entre Naci\u00f3n y las provincias.<\/p>\n\n\n\n<p>Desde el Gobierno indicaron que fue un \u201cmuy buen encuentro\u201d. Seg\u00fan se resalt\u00f3 en la minuta oficial de la reuni\u00f3n se conversaron sobre todas las iniciativas que el oficialismo enviar\u00e1 al Congreso en sesiones extraordinarias.<\/p>\n\n\n\n<p>La gestualidad del encuentro no es menor.\u00a0Se rumorea que los legisladores salte\u00f1os y los del catamarque\u00f1o Ra\u00fal Jalil se escindir\u00e1n de los bloques de Fuerza Patria\u00a0para terminar de consolidar el apoyo a las medidas de La Libertad Avanza.<\/p>\n\n\n\n<p>El oficialismo mantuvo una relaci\u00f3n ambivalente con el salte\u00f1o y buscan estrechar lazos nuevamente. En el primer gran tramo de la gesti\u00f3n se comport\u00f3 como un aliado \u00fatil a los fines del Gobierno, pero cuando se realizaron las elecciones provinciales el v\u00ednculo se tens\u00f3 debido al comportamiento del armado libertario en su distrito.\u00a0Hoy la relaci\u00f3n parece tener una nueva oportunidad, aunque el mandatario norte\u00f1o busca se\u00f1ales de parte de Naci\u00f3n para retomar la confianza.<\/p>\n\n\n\n<p>Como parte de estas se\u00f1ales, el Gobierno convoc\u00f3 al titular de ARCA, Juan Pazo, y toda su c\u00fapula para la firma de un convenio de exportaci\u00f3n en planta que beneficiar\u00e1 a varias empresas de Salta. A partir del mismo, las compa\u00f1\u00edas van a poder efectuar el control aduanero monitoreado de forma remoto, lo que les va a permitir simplificar los tr\u00e1mites de exportaci\u00f3n a consumo. Este sistema ya se implement\u00f3 en Santa Fe y Mendoza. Tambi\u00e9n se habl\u00f3 c\u00f3mo mejorar los procedimientos de la Aduana.<\/p>\n\n\n\n<p>S\u00e1enz debut\u00f3 en su di\u00e1logo con Adorni y Santilli como interlocutores del esquema libertario. Antes, ese v\u00ednculo lo ten\u00eda con Guillermo Francos, y con el ministro del Interior, Lisandro Catal\u00e1n. De hecho, este \u00faltimo lo hab\u00eda ido a visitar en septiembre para recomponer el v\u00ednculo entre ambas gestiones y como signo de una nueva etapa de mayor apertura y di\u00e1logo del Gobierno.<\/p>\n\n\n\n<p>El jefe provincial tambi\u00e9n hab\u00eda protagonizado un curioso episodio semanas atr\u00e1s cuando se apost\u00f3 sobre la calle Balcarce -frente a la Casa Rosada- por un evento musical de personas de su provincia y Francos sali\u00f3 a saludarlo frente a las c\u00e1maras. Minutos despu\u00e9s hab\u00eda hecho lo mismo el asesor presidencial Santiago Caputo, quien lo invit\u00f3 a pasar a la Casa de Gobierno y conversar sobre las principales demandas que ten\u00eda.<\/p>\n\n\n\n<p>Entrevistado ayer a la noche en\u00a0A24, S\u00e1enz anticip\u00f3 que en esta reuni\u00f3n con el Gobierno iba a plantear la necesidad de incluir la ley de derribo y la radarizaci\u00f3n en las sesiones extraordinarias, adem\u00e1s de exigir que se aborden las urgencias de las provincias del norte argentino.<\/p>\n\n\n\n<p>\u201cDe nada sirve el plan G\u00fcemes, el plan Roca, si custodiamos la parte terrestre y la parte a\u00e9rea, pero no hacemos nada\u201d, reclam\u00f3 el mandatario, quien tambi\u00e9n pidi\u00f3 que se trate el proyecto de\u00a0Ficha Limpia\u00a0y se avance en soluciones estructurales para la regi\u00f3n.<\/p>\n\n\n\n<p>Durante el di\u00e1logo, S\u00e1enz remarc\u00f3 que el norte argentino posee un potencial enorme para crecer, pero advirti\u00f3 que la falta de federalismo ha impedido el desarrollo y la competitividad de las provincias. El gobernador se\u00f1al\u00f3 que la migraci\u00f3n de j\u00f3venes hacia\u00a0Buenos Aires\u00a0responde a la ausencia de oportunidades laborales y educativas, y vincul\u00f3 esta problem\u00e1tica a la falta de infraestructura y pol\u00edticas de largo plazo.\u00a0\u201cHay un pa\u00eds que duele y que necesita una mirada\u201d, afirm\u00f3.<\/p>\n","protected":false},"excerpt":{"rendered":"<p>El ministro del Interior, Diego Santilli, contin\u00faa con su raid de reuniones con gobernadores\u00a0para anotar las demandas de cada una de las provincias antes de que inicie el per\u00edodo de sesiones extraordinarias y comience la etapa final de las negociaciones por el\u00a0Presupuesto 2026. En su primera semana como funcionario ya se junt\u00f3 con 10 de [&hellip;]<\/p>\n","protected":false},"author":2,"featured_media":14347,"comment_status":"open","ping_status":"open","sticky":false,"template":"","format":"standard","meta":{"footnotes":""},"categories":[26],"tags":[],"class_list":{"0":"post-14346","1":"post","2":"type-post","3":"status-publish","4":"format-standard","5":"has-post-thumbnail","7":"category-nacionales"},"aioseo_notices":[],"_links":{"self":[{"href":"https:\/\/lalupa24.com.ar\/index.php\/wp-json\/wp\/v2\/posts\/14346","targetHints":{"allow":["GET"]}}],"collection":[{"href":"https:\/\/lalupa24.com.ar\/index.php\/wp-json\/wp\/v2\/posts"}],"about":[{"href":"https:\/\/lalupa24.com.ar\/index.php\/wp-json\/wp\/v2\/types\/post"}],"author":[{"embeddable":true,"href":"https:\/\/lalupa24.com.ar\/index.php\/wp-json\/wp\/v2\/users\/2"}],"replies":[{"embeddable":true,"href":"https:\/\/lalupa24.com.ar\/index.php\/wp-json\/wp\/v2\/comments?post=14346"}],"version-history":[{"count":1,"href":"https:\/\/lalupa24.com.ar\/index.php\/wp-json\/wp\/v2\/posts\/14346\/revisions"}],"predecessor-version":[{"id":14348,"href":"https:\/\/lalupa24.com.ar\/index.php\/wp-json\/wp\/v2\/posts\/14346\/revisions\/14348"}],"wp:featuredmedia":[{"embeddable":true,"href":"https:\/\/lalupa24.com.ar\/index.php\/wp-json\/wp\/v2\/media\/14347"}],"wp:attachment":[{"href":"https:\/\/lalupa24.com.ar\/index.php\/wp-json\/wp\/v2\/media?parent=14346"}],"wp:term":[{"taxonomy":"category","embeddable":true,"href":"https:\/\/lalupa24.com.ar\/index.php\/wp-json\/wp\/v2\/categories?post=14346"},{"taxonomy":"post_tag","embeddable":true,"href":"https:\/\/lalupa24.com.ar\/index.php\/wp-json\/wp\/v2\/tags?post=14346"}],"curies":[{"name":"wp","href":"https:\/\/api.w.org\/{rel}","templated":true}]}}