{"id":14379,"date":"2025-11-15T15:55:21","date_gmt":"2025-11-15T18:55:21","guid":{"rendered":"https:\/\/lalupa24.com.ar\/?p=14379"},"modified":"2025-11-16T15:56:14","modified_gmt":"2025-11-16T18:56:14","slug":"jorge-capitanich-y-el-veredicto-del-caso-cecilia-de-la-teoria-de-la-fuerza-enemiga-a-la-justicia","status":"publish","type":"post","link":"https:\/\/lalupa24.com.ar\/index.php\/2025\/11\/15\/jorge-capitanich-y-el-veredicto-del-caso-cecilia-de-la-teoria-de-la-fuerza-enemiga-a-la-justicia\/","title":{"rendered":"Jorge Capitanich y el veredicto del caso Cecilia: de la teor\u00eda de la &#8220;fuerza enemiga&#8221; a la &#8220;justicia&#8221;"},"content":{"rendered":"\n<p>El exgobernador de Chaco se pronunci\u00f3 tras conocerse la sentencia. \u201cUna condena que confirma que los responsables deber\u00e1n pagar por lo que cometieron\u201d, dijo.<\/p>\n\n\n\n<p>El exgobernador de Chaco, Jorge Capitanich, se pronunci\u00f3 p\u00fablicamente tras conocerse este s\u00e1bado la sentencia del caso de Cecilia Strzyzowski, que conden\u00f3 a los responsables a trav\u00e9s del jurado popular.<\/p>\n\n\n\n<p>Sus declaraciones se produjeron en un contexto marcado por fuertes cr\u00edticas de la actual gesti\u00f3n provincial hacia su gobierno, acus\u00e1ndolo de haber brindado &#8220;amparo y protecci\u00f3n&#8221; al llamado clan Sena.<\/p>\n\n\n\n<p>A trav\u00e9s de sus redes sociales, Capitanich manifest\u00f3: &#8220;Hoy se conoci\u00f3 el veredicto del caso Cecilia, a trav\u00e9s del jurado popular. Una condena que confirma que los responsables deber\u00e1n pagar por lo que cometieron. Este veredicto representa un acto de justicia para su familia y para el pueblo del Chaco. Por Cecilia y por todas las mujeres v\u00edctimas de femicidio.&#8221;<\/p>\n\n\n\n<p>X de Jorge Capitanich<\/p>\n\n\n\n<p>Seg\u00fan pudo constatar la Agencia Noticias Argentinas, este mensaje contrasta con una pol\u00e9mica declaraci\u00f3n que el exmandatario hab\u00eda emitido un mes antes del inicio del juicio por jurados contra el clan Sena. En esa ocasi\u00f3n, Capitanich, quien buscaba la candidatura presidencial, gener\u00f3 debate al pronunciar una teor\u00eda sobre el femicidio de Cecilia Strzyzowski, ocurrido en junio de 2023.<\/p>\n\n\n\n<p>En una entrevista, el exgobernador afirm\u00f3 que el caso tuvo &#8220;connotaciones de servicio de inteligencia con esquema de fuerza enemigo&#8221; y asegur\u00f3 que la causa le provoc\u00f3 &#8220;un desgaste pol\u00edtico terrible&#8221; en su contra. Capitanich insisti\u00f3 en que se trat\u00f3 de &#8220;un caso de femicidio&#8221;, pero intent\u00f3 desvincular al gobierno provincial de la investigaci\u00f3n.<\/p>\n\n\n\n<p>Tras la sentencia, el Gobierno de Chaco celebr\u00f3 la condena contra los autores del asesinato y apunt\u00f3 directamente a la gesti\u00f3n de Jorge Capitanich. El ministro de Gobierno y Justicia, Jorge G\u00f3mez, quien adem\u00e1s form\u00f3 parte del equipo fiscal que investig\u00f3 el caso, sostuvo que &#8220;El clan Sena, si lo podemos asociar a un sin\u00f3nimo, ser\u00eda impunidad&#8221;, haciendo referencia a la supuesta protecci\u00f3n brindada durante a\u00f1os al grupo.<\/p>\n\n\n\n<p>Cecilia Strzyzowski, de 28 a\u00f1os, fue vista por \u00faltima vez el 2 de junio de 2023 en Resistencia, Chaco, unu14Q cuando ingres\u00f3 a la casa de sus suegros junto a su pareja, C\u00e9sar Sena, con quien planeaba mudarse a Ushuaia. La hip\u00f3tesis fiscal indic\u00f3 que la joven confi\u00f3 en la promesa de un viaje que nunca se concret\u00f3.<\/p>\n\n\n\n<p>El posteo del exgobernador provoc\u00f3 una dura respuesta por parte de la oposici\u00f3n, siendo uno de los m\u00e1s contundentes el empresario y dirigente pol\u00edtico de la Ciudad de Buenos Aires, Roberto Garc\u00eda Morit\u00e1n. Tras el mensaje de Capitanich en X, Garc\u00eda Morit\u00e1n lo increp\u00f3 directamente con un insulto.<\/p>\n","protected":false},"excerpt":{"rendered":"<p>El exgobernador de Chaco se pronunci\u00f3 tras conocerse la sentencia. \u201cUna condena que confirma que los responsables deber\u00e1n pagar por lo que cometieron\u201d, dijo. El exgobernador de Chaco, Jorge Capitanich, se pronunci\u00f3 p\u00fablicamente tras conocerse este s\u00e1bado la sentencia del caso de Cecilia Strzyzowski, que conden\u00f3 a los responsables a trav\u00e9s del jurado popular. Sus [&hellip;]<\/p>\n","protected":false},"author":2,"featured_media":14380,"comment_status":"open","ping_status":"open","sticky":false,"template":"","format":"standard","meta":{"footnotes":""},"categories":[28],"tags":[],"class_list":{"0":"post-14379","1":"post","2":"type-post","3":"status-publish","4":"format-standard","5":"has-post-thumbnail","7":"category-locales"},"aioseo_notices":[],"_links":{"self":[{"href":"https:\/\/lalupa24.com.ar\/index.php\/wp-json\/wp\/v2\/posts\/14379","targetHints":{"allow":["GET"]}}],"collection":[{"href":"https:\/\/lalupa24.com.ar\/index.php\/wp-json\/wp\/v2\/posts"}],"about":[{"href":"https:\/\/lalupa24.com.ar\/index.php\/wp-json\/wp\/v2\/types\/post"}],"author":[{"embeddable":true,"href":"https:\/\/lalupa24.com.ar\/index.php\/wp-json\/wp\/v2\/users\/2"}],"replies":[{"embeddable":true,"href":"https:\/\/lalupa24.com.ar\/index.php\/wp-json\/wp\/v2\/comments?post=14379"}],"version-history":[{"count":1,"href":"https:\/\/lalupa24.com.ar\/index.php\/wp-json\/wp\/v2\/posts\/14379\/revisions"}],"predecessor-version":[{"id":14381,"href":"https:\/\/lalupa24.com.ar\/index.php\/wp-json\/wp\/v2\/posts\/14379\/revisions\/14381"}],"wp:featuredmedia":[{"embeddable":true,"href":"https:\/\/lalupa24.com.ar\/index.php\/wp-json\/wp\/v2\/media\/14380"}],"wp:attachment":[{"href":"https:\/\/lalupa24.com.ar\/index.php\/wp-json\/wp\/v2\/media?parent=14379"}],"wp:term":[{"taxonomy":"category","embeddable":true,"href":"https:\/\/lalupa24.com.ar\/index.php\/wp-json\/wp\/v2\/categories?post=14379"},{"taxonomy":"post_tag","embeddable":true,"href":"https:\/\/lalupa24.com.ar\/index.php\/wp-json\/wp\/v2\/tags?post=14379"}],"curies":[{"name":"wp","href":"https:\/\/api.w.org\/{rel}","templated":true}]}}