{"id":14406,"date":"2025-11-17T12:03:27","date_gmt":"2025-11-17T15:03:27","guid":{"rendered":"https:\/\/lalupa24.com.ar\/?p=14406"},"modified":"2025-11-17T12:03:28","modified_gmt":"2025-11-17T15:03:28","slug":"cote-lai-celebro-sus-120-anos-con-el-acompanamiento-de-la-vicegobernadora-scheneider","status":"publish","type":"post","link":"https:\/\/lalupa24.com.ar\/index.php\/2025\/11\/17\/cote-lai-celebro-sus-120-anos-con-el-acompanamiento-de-la-vicegobernadora-scheneider\/","title":{"rendered":"Cote Lai celebr\u00f3 sus 120 a\u00f1os con el acompa\u00f1amiento de la vicegobernadora Scheneider"},"content":{"rendered":"\n<p>La vicegobernadora del Chaco, Silvana Schneider, junto al intendente Anselmo \u201cLeli\u201d Bord\u00f3n acompa\u00f1aron el acto central del 120\u00b0 aniversario de Cote Lai, en una celebraci\u00f3n que reuni\u00f3 a vecinos, instituciones, artistas y emprendedores. Schneider asisti\u00f3 en representaci\u00f3n del Ejecutivo provincial, reafirmando el compromiso del Gobierno del Chaco con el desarrollo cultural, social y comunitario de la localidad.<\/p>\n\n\n\n<p>La jornada del s\u00e1bado incluy\u00f3 un recorrido por las esculturas realizadas en el marco del Tercer Encuentro de Escultores, un espacio que durante toda la semana convoc\u00f3 a artistas locales y regionales en el play\u00f3n del Polideportivo Municipal. Las obras, talladas en cemento directo y modeladas en metal, pasan desde ahora a formar parte del patrimonio cultural de Cote Lai, expresando identidad, historia y creatividad de su comunidad.<br>El acto protocolar, realizado en el Club V\u00e9lez Sarsfield, cont\u00f3 con la presentaci\u00f3n de banderas de ceremonia, la entonaci\u00f3n del Himno Nacional Argentino y un emotivo minuto de silencio en homenaje a los antiguos pobladores. Adem\u00e1s, se proyect\u00f3 el cortometraje \u201cVer a Trav\u00e9s de Mis Ojos\u201d, una producci\u00f3n que refleja la mirada de Cote Lai hacia el mundo.<br>La vicegobernadora tambi\u00e9n entreg\u00f3 reconocimientos a cuatro escultores participantes del Encuentro; la entrega de certificados de capacitaci\u00f3n textil a diez emprendedoras; y la entrega de herramientas, equipamiento y materiales educativos por parte de la Fundaci\u00f3n \u201cSoy Chaco\u201d a instituciones locales, fortaleciendo su labor diaria.<br>\u201cCelebrar 120 a\u00f1os de historia es valorar a quienes fundaron esta comunidad y a quienes hoy la sostienen con trabajo, cultura y esperanza. Cote Lai tiene una identidad fuerte y un presente que se construye en unidad. Desde el Gobierno provincial vamos a seguir acompa\u00f1ando su crecimiento, fortaleciendo la cultura, la educaci\u00f3n y cada iniciativa que impulse desarrollo local\u201d, expres\u00f3 Schneider.<br>Por su parte, el intendente Bord\u00f3n destac\u00f3 el acompa\u00f1amiento provincial y la importancia de que las pol\u00edticas p\u00fablicas lleguen al interior profundo, promoviendo cultura, infraestructura, oportunidades y actividades que fortalezcan el arraigo.<br>El cierre de la jornada reuni\u00f3 a la comunidad con&nbsp; celebraciones tradicionales, marcando un nuevo aniversario para una localidad que sigue proyectando su futuro con orgullo y compromiso<\/p>\n","protected":false},"excerpt":{"rendered":"<p>La vicegobernadora del Chaco, Silvana Schneider, junto al intendente Anselmo \u201cLeli\u201d Bord\u00f3n acompa\u00f1aron el acto central del 120\u00b0 aniversario de Cote Lai, en una celebraci\u00f3n que reuni\u00f3 a vecinos, instituciones, artistas y emprendedores. Schneider asisti\u00f3 en representaci\u00f3n del Ejecutivo provincial, reafirmando el compromiso del Gobierno del Chaco con el desarrollo cultural, social y comunitario de [&hellip;]<\/p>\n","protected":false},"author":2,"featured_media":14407,"comment_status":"open","ping_status":"open","sticky":false,"template":"","format":"standard","meta":{"footnotes":""},"categories":[27],"tags":[],"class_list":{"0":"post-14406","1":"post","2":"type-post","3":"status-publish","4":"format-standard","5":"has-post-thumbnail","7":"category-interior"},"aioseo_notices":[],"_links":{"self":[{"href":"https:\/\/lalupa24.com.ar\/index.php\/wp-json\/wp\/v2\/posts\/14406","targetHints":{"allow":["GET"]}}],"collection":[{"href":"https:\/\/lalupa24.com.ar\/index.php\/wp-json\/wp\/v2\/posts"}],"about":[{"href":"https:\/\/lalupa24.com.ar\/index.php\/wp-json\/wp\/v2\/types\/post"}],"author":[{"embeddable":true,"href":"https:\/\/lalupa24.com.ar\/index.php\/wp-json\/wp\/v2\/users\/2"}],"replies":[{"embeddable":true,"href":"https:\/\/lalupa24.com.ar\/index.php\/wp-json\/wp\/v2\/comments?post=14406"}],"version-history":[{"count":1,"href":"https:\/\/lalupa24.com.ar\/index.php\/wp-json\/wp\/v2\/posts\/14406\/revisions"}],"predecessor-version":[{"id":14408,"href":"https:\/\/lalupa24.com.ar\/index.php\/wp-json\/wp\/v2\/posts\/14406\/revisions\/14408"}],"wp:featuredmedia":[{"embeddable":true,"href":"https:\/\/lalupa24.com.ar\/index.php\/wp-json\/wp\/v2\/media\/14407"}],"wp:attachment":[{"href":"https:\/\/lalupa24.com.ar\/index.php\/wp-json\/wp\/v2\/media?parent=14406"}],"wp:term":[{"taxonomy":"category","embeddable":true,"href":"https:\/\/lalupa24.com.ar\/index.php\/wp-json\/wp\/v2\/categories?post=14406"},{"taxonomy":"post_tag","embeddable":true,"href":"https:\/\/lalupa24.com.ar\/index.php\/wp-json\/wp\/v2\/tags?post=14406"}],"curies":[{"name":"wp","href":"https:\/\/api.w.org\/{rel}","templated":true}]}}