{"id":14409,"date":"2025-11-17T12:05:17","date_gmt":"2025-11-17T15:05:17","guid":{"rendered":"https:\/\/lalupa24.com.ar\/?p=14409"},"modified":"2025-11-17T12:05:18","modified_gmt":"2025-11-17T15:05:18","slug":"chaco-participo-del-plenario-nacional-del-foro-de-presupuesto-y-finanzas","status":"publish","type":"post","link":"https:\/\/lalupa24.com.ar\/index.php\/2025\/11\/17\/chaco-participo-del-plenario-nacional-del-foro-de-presupuesto-y-finanzas\/","title":{"rendered":"Chaco particip\u00f3 del plenario nacional del foro de presupuesto y finanzas"},"content":{"rendered":"\n<p>El Foro tiene como objetivo fortalecer el intercambio t\u00e9cnico y la coordinaci\u00f3n fiscal entre las \u00e1reas de Presupuesto y Finanzas del pa\u00eds. Por este motivo, la agenda incluy\u00f3 contenidos de alto valor t\u00e9cnico y de inter\u00e9s general para todas las jurisdicciones.<\/p>\n\n\n\n<p>El Gobierno del Chaco, representado por el Ministerio de Hacienda y Finanzas a trav\u00e9s de la Direcci\u00f3n General de Finanzas y Programaci\u00f3n Presupuestaria, particip\u00f3 de la XLI Reuni\u00f3n Plenaria del Foro Permanente de Direcciones de Presupuesto y Finanzas de la Rep\u00fablica. El encuentro se desarroll\u00f3 del 12 al 14 de noviembre en San Salvador de Jujuy y reuni\u00f3 a los responsables de las \u00e1reas econ\u00f3micas de todas las provincias, de la Ciudad Aut\u00f3noma de Buenos Aires y del Gobierno nacional.<br>La provincia estuvo representada por la directora general de Finanzas y Programaci\u00f3n Presupuestaria, Valeria Rossi. Durante las jornadas se analiz\u00f3 la situaci\u00f3n fiscal y las perspectivas a nivel nacional y provincial, la pol\u00edtica tributaria del Gobierno nacional y el futuro de la distribuci\u00f3n de recursos a las provincias, entre otras tem\u00e1ticas centrales del funcionamiento econ\u00f3mico del pa\u00eds.<br>\u201cEste tipo de encuentros nos permite capacitarnos, actualizarnos en normativa, metodolog\u00edas y procedimientos, y sobre todo compartir experiencias entre el Estado nacional y los gobiernos provinciales\u201d, destac\u00f3 Rossi.<br>Adem\u00e1s, agreg\u00f3: \u201cTodos nos llevamos nuevos conocimientos y pr\u00e1cticas para aplicar en nuestras jurisdicciones, siempre con el objetivo de mejorar la gesti\u00f3n p\u00fablica local\u201d.<\/p>\n\n\n\n<p>Ejes del debate: recursos, deuda, gasto y administraci\u00f3n financiera<\/p>\n\n\n\n<p>Durante el plenario, los participantes asistieron a exposiciones claves como:<br>-Pol\u00edtica tributaria y distribuci\u00f3n de recursos a provincias, a cargo de la Subsecretaria de Ingresos P\u00fablicos de la Naci\u00f3n, Claudia Balestrini, y del director Ejecutivo de la Comisi\u00f3n Federal de Impuestos, Alberto Pololla.<br>-Situaci\u00f3n fiscal y perspectivas nacionales y provinciales, presentada por el Subsecretario de Presupuesto de la Naci\u00f3n, Rodrigo Cabado, y la Subsecretaria de Coordinaci\u00f3n Fiscal Provincial, Valeria S\u00e1nchez.<br>-Panorama del endeudamiento subnacional, expuesto por el Coordinador de Deuda Provincial de la Naci\u00f3n, Luciano Albera Scagliusi.<br>Asimismo, se trabaj\u00f3 sobre experiencias en la implementaci\u00f3n de los Sistemas de Administraci\u00f3n Financiera (E-SIDIF) en distintas provincias, con exposiciones de funcionarios de Santa Cruz y Catamarca; y se presentaron casos provinciales como el de Jujuy (situaci\u00f3n fiscal y deuda), R\u00edo Negro (control y seguimiento del gasto p\u00fablico) y el proyecto Parque Solar Cauchari con financiamiento mediante Bono Verde.<br>Tambi\u00e9n se analizaron:<br>-La importancia de la informaci\u00f3n subnacional en las estad\u00edsticas de las Cuentas Nacionales.<br>-La presentaci\u00f3n de la nueva p\u00e1gina web del Foro y del Aula Virtual.<\/p>\n\n\n\n<p>Jornada para municipios<br>De manera simult\u00e1nea, el d\u00eda mi\u00e9rcoles 12 se realiz\u00f3 una jornada dedicada exclusivamente a municipios, en la que se abordaron:<br>-Experiencias en la implementaci\u00f3n de la Ley de Responsabilidad Fiscal Municipal, a cargo de referentes de Chubut y San Juan.<br>-Reg\u00edmenes provinciales de coparticipaci\u00f3n a municipios, con aportes de representantes nacionales y de la provincia de Entre R\u00edos.<\/p>\n","protected":false},"excerpt":{"rendered":"<p>El Foro tiene como objetivo fortalecer el intercambio t\u00e9cnico y la coordinaci\u00f3n fiscal entre las \u00e1reas de Presupuesto y Finanzas del pa\u00eds. Por este motivo, la agenda incluy\u00f3 contenidos de alto valor t\u00e9cnico y de inter\u00e9s general para todas las jurisdicciones. El Gobierno del Chaco, representado por el Ministerio de Hacienda y Finanzas a trav\u00e9s [&hellip;]<\/p>\n","protected":false},"author":2,"featured_media":14410,"comment_status":"open","ping_status":"open","sticky":false,"template":"","format":"standard","meta":{"footnotes":""},"categories":[1],"tags":[],"class_list":{"0":"post-14409","1":"post","2":"type-post","3":"status-publish","4":"format-standard","5":"has-post-thumbnail","7":"category-blog"},"aioseo_notices":[],"_links":{"self":[{"href":"https:\/\/lalupa24.com.ar\/index.php\/wp-json\/wp\/v2\/posts\/14409","targetHints":{"allow":["GET"]}}],"collection":[{"href":"https:\/\/lalupa24.com.ar\/index.php\/wp-json\/wp\/v2\/posts"}],"about":[{"href":"https:\/\/lalupa24.com.ar\/index.php\/wp-json\/wp\/v2\/types\/post"}],"author":[{"embeddable":true,"href":"https:\/\/lalupa24.com.ar\/index.php\/wp-json\/wp\/v2\/users\/2"}],"replies":[{"embeddable":true,"href":"https:\/\/lalupa24.com.ar\/index.php\/wp-json\/wp\/v2\/comments?post=14409"}],"version-history":[{"count":1,"href":"https:\/\/lalupa24.com.ar\/index.php\/wp-json\/wp\/v2\/posts\/14409\/revisions"}],"predecessor-version":[{"id":14411,"href":"https:\/\/lalupa24.com.ar\/index.php\/wp-json\/wp\/v2\/posts\/14409\/revisions\/14411"}],"wp:featuredmedia":[{"embeddable":true,"href":"https:\/\/lalupa24.com.ar\/index.php\/wp-json\/wp\/v2\/media\/14410"}],"wp:attachment":[{"href":"https:\/\/lalupa24.com.ar\/index.php\/wp-json\/wp\/v2\/media?parent=14409"}],"wp:term":[{"taxonomy":"category","embeddable":true,"href":"https:\/\/lalupa24.com.ar\/index.php\/wp-json\/wp\/v2\/categories?post=14409"},{"taxonomy":"post_tag","embeddable":true,"href":"https:\/\/lalupa24.com.ar\/index.php\/wp-json\/wp\/v2\/tags?post=14409"}],"curies":[{"name":"wp","href":"https:\/\/api.w.org\/{rel}","templated":true}]}}