{"id":14415,"date":"2025-11-20T20:30:09","date_gmt":"2025-11-20T23:30:09","guid":{"rendered":"https:\/\/lalupa24.com.ar\/?p=14415"},"modified":"2025-11-20T20:30:09","modified_gmt":"2025-11-20T23:30:09","slug":"inversion-empleo-y-modernizacion-avanzan-las-obras-del-nuevo-paseo-gastronomico-recreo-en-resistencia-nversion-empleo-y-modernizacion-avanzan-las-obras-del-nuevo-paseo-gastronomico-re","status":"publish","type":"post","link":"https:\/\/lalupa24.com.ar\/index.php\/2025\/11\/20\/inversion-empleo-y-modernizacion-avanzan-las-obras-del-nuevo-paseo-gastronomico-recreo-en-resistencia-nversion-empleo-y-modernizacion-avanzan-las-obras-del-nuevo-paseo-gastronomico-re\/","title":{"rendered":"Inversi\u00f3n, empleo y modernizaci\u00f3n, avanzan las obras del nuevo paseo gastron\u00f3mico &#8220;Recreo&#8221; en Resistencia NVERSI\u00d3N, EMPLEO Y MODERNIZACI\u00d3N: AVANZAN LAS OBRAS DEL NUEVO PASEO GASTRON\u00d3MICO \u201cRECREO\u201d EN RESISTENCIA"},"content":{"rendered":"\n<p>El gobernador Leandro Zdero constat\u00f3 el avance de las obras del futuro paseo gastron\u00f3mico \u201cRecreo\u201d, ubicado en C\u00f3rdoba 57 de Resistencia, donde funcionaba el tradicional Colegio Integral Piacentini.&nbsp;<\/p>\n\n\n\n<p>El proyecto, \u00edntegramente financiado por capitales privados, se encuentra en su etapa final y prev\u00e9 inaugurarse en las pr\u00f3ximas semanas. Contar\u00e1 con cinco locales gastron\u00f3micos y dos salones de usos m\u00faltiples, configur\u00e1ndose como un nuevo punto de atracci\u00f3n econ\u00f3mica, tur\u00edstica y recreativa para la capital chaque\u00f1a. \u201cDestaco el coraje y el esfuerzo de los chaque\u00f1os que quieren invertir en la provincia del Chaco\u201d, expres\u00f3 el primer mandatario chaque\u00f1o. Adem\u00e1s, subray\u00f3 que esta iniciativa generar\u00e1 m\u00e1s de 60 empleos directos y un fuerte movimiento econ\u00f3mico indirecto: \u201cEste espacio va a convocar a muchos chaque\u00f1os y tambi\u00e9n a quienes quieran visitarnos\u201d, afirm\u00f3.<br>El gobernador resalt\u00f3 la recuperaci\u00f3n del edificio donde funcionaba el hist\u00f3rico colegio Piacentini, hoy completamente remodelado. Se\u00f1al\u00f3 la importancia de acompa\u00f1ar a los emprendimientos locales que apuestan por la provincia y agreg\u00f3: \u201cQueremos que haya una oferta para quienes vengan a la provincia, pero tambi\u00e9n para quienes deseen disfrutar aqu\u00ed. Y queremos que a los empresarios les vaya bien, porque generan trabajo y ayudan a reactivar la econom\u00eda del Chaco\u201d.<br>Uno de los propietarios del proyecto, Guillermo Massara, destac\u00f3 que Recreo contar\u00e1 con cinco propuestas gastron\u00f3micas y expres\u00f3 su entusiasmo por la inminente apertura. \u201cEs un concepto nuevo en Resistencia. Esperamos a la gente local y a los turistas que nos visiten\u201d, se\u00f1al\u00f3.<br>El arquitecto a cargo de la obra, Nicol\u00e1s Schwartz, inform\u00f3 que trabajan desde hace un a\u00f1o y tres meses en la remodelaci\u00f3n integral del espacio, que tendr\u00e1 capacidad para cerca de 500 personas. \u201cEstamos muy entusiasmados con llegar a la inauguraci\u00f3n, que queremos concretar en los primeros d\u00edas de diciembre\u201d, adelant\u00f3.<\/p>\n\n\n\n<p>Sobre \u201cRecreo \u2013 Paseo Gastron\u00f3mico\u201d<br>El proyecto Recreo surge como un homenaje a la historia del antiguo y reconocido colegio Piacentini, conservando la esencia del patio escolar y su calidez. Propone un espacio moderno, luminoso y confortable, con \u00e1reas cubiertas pensadas para el encuentro y el disfrute. Albergar\u00e1 locales como Volta Helader\u00eda Caf\u00e9, El Desembarco Hamburguesas, Panetto Pizzer\u00eda, Rufi\u00e1n Pastas y La Chimenea Milanesas, adem\u00e1s de dos salones de usos m\u00faltiples destinados a actividades sociales y culturales. Este nuevo desarrollo reafirma el impulso de la inversi\u00f3n privada en la provincia y marca un paso m\u00e1s en la revitalizaci\u00f3n urbana y econ\u00f3mica de Resistencia<\/p>\n","protected":false},"excerpt":{"rendered":"<p>El gobernador Leandro Zdero constat\u00f3 el avance de las obras del futuro paseo gastron\u00f3mico \u201cRecreo\u201d, ubicado en C\u00f3rdoba 57 de Resistencia, donde funcionaba el tradicional Colegio Integral Piacentini.&nbsp; El proyecto, \u00edntegramente financiado por capitales privados, se encuentra en su etapa final y prev\u00e9 inaugurarse en las pr\u00f3ximas semanas. Contar\u00e1 con cinco locales gastron\u00f3micos y dos [&hellip;]<\/p>\n","protected":false},"author":11,"featured_media":14416,"comment_status":"open","ping_status":"open","sticky":false,"template":"","format":"standard","meta":{"footnotes":""},"categories":[28],"tags":[],"class_list":{"0":"post-14415","1":"post","2":"type-post","3":"status-publish","4":"format-standard","5":"has-post-thumbnail","7":"category-locales"},"aioseo_notices":[],"_links":{"self":[{"href":"https:\/\/lalupa24.com.ar\/index.php\/wp-json\/wp\/v2\/posts\/14415","targetHints":{"allow":["GET"]}}],"collection":[{"href":"https:\/\/lalupa24.com.ar\/index.php\/wp-json\/wp\/v2\/posts"}],"about":[{"href":"https:\/\/lalupa24.com.ar\/index.php\/wp-json\/wp\/v2\/types\/post"}],"author":[{"embeddable":true,"href":"https:\/\/lalupa24.com.ar\/index.php\/wp-json\/wp\/v2\/users\/11"}],"replies":[{"embeddable":true,"href":"https:\/\/lalupa24.com.ar\/index.php\/wp-json\/wp\/v2\/comments?post=14415"}],"version-history":[{"count":1,"href":"https:\/\/lalupa24.com.ar\/index.php\/wp-json\/wp\/v2\/posts\/14415\/revisions"}],"predecessor-version":[{"id":14417,"href":"https:\/\/lalupa24.com.ar\/index.php\/wp-json\/wp\/v2\/posts\/14415\/revisions\/14417"}],"wp:featuredmedia":[{"embeddable":true,"href":"https:\/\/lalupa24.com.ar\/index.php\/wp-json\/wp\/v2\/media\/14416"}],"wp:attachment":[{"href":"https:\/\/lalupa24.com.ar\/index.php\/wp-json\/wp\/v2\/media?parent=14415"}],"wp:term":[{"taxonomy":"category","embeddable":true,"href":"https:\/\/lalupa24.com.ar\/index.php\/wp-json\/wp\/v2\/categories?post=14415"},{"taxonomy":"post_tag","embeddable":true,"href":"https:\/\/lalupa24.com.ar\/index.php\/wp-json\/wp\/v2\/tags?post=14415"}],"curies":[{"name":"wp","href":"https:\/\/api.w.org\/{rel}","templated":true}]}}