{"id":14430,"date":"2025-11-19T09:15:00","date_gmt":"2025-11-19T12:15:00","guid":{"rendered":"https:\/\/lalupa24.com.ar\/?p=14430"},"modified":"2025-11-20T21:19:13","modified_gmt":"2025-11-21T00:19:13","slug":"nuevas-autoridades-en-el-inssep","status":"publish","type":"post","link":"https:\/\/lalupa24.com.ar\/index.php\/2025\/11\/19\/nuevas-autoridades-en-el-inssep\/","title":{"rendered":"Nuevas autoridades en el INSSEP"},"content":{"rendered":"\n<p>Esta ma\u00f1ana, en Casa de Gobierno, el gobernador Leandro Zdero junto a la secretaria general de la Gobernaci\u00f3n, Carolina Meiri\u00f1o, recibieron a las nuevas autoridades del INSSSEP, oficializando la renovaci\u00f3n de la conducci\u00f3n del organismo.<\/p>\n\n\n\n<p>La presidencia quedar\u00e1 a cargo del Dr. Rafael Meneses, un destacado profesional del \u00e1mbito de la salud chaque\u00f1a, quien hasta ahora se desempe\u00f1aba como subsecretario de Programaci\u00f3n y Gesti\u00f3n Estrat\u00e9gica. Meneses ha impulsado procesos de modernizaci\u00f3n e inversi\u00f3n en infraestructura sanitaria, entre ellos la incorporaci\u00f3n de equipamiento de alta complejidad como el angi\u00f3grafo del Hospital Perrando.<br>En la vicepresidencia,&nbsp; asumir\u00e1 Fernando C\u00e9sar Alesso, Contador P\u00fablico, con una s\u00f3lida formaci\u00f3n acad\u00e9mica y trayectoria en gesti\u00f3n sanitaria: Mag\u00edster en Econom\u00eda y Gesti\u00f3n de la Salud y Profesor Titular de Administraci\u00f3n Sanitaria en la Maestr\u00eda en Salud P\u00fablica de la Fundaci\u00f3n H. A. Barcel\u00f3 (CABA).&nbsp;<\/p>\n\n\n\n<p>El gobernador Zdero agradeci\u00f3 y valor\u00f3 el trabajo realizado por la profesora Irene Dumrauf y todo su equipo, al frente del Instituto, y remarc\u00f3 la necesidad de continuar fortaleciendo la gesti\u00f3n para dar respuestas a las demandas de los afiliados. \u201cDebemos seguir ordenando el INSSSEP para lograr una atenci\u00f3n m\u00e1s eficiente y cercana\u201d, sintetiz\u00f3<\/p>\n","protected":false},"excerpt":{"rendered":"<p>Esta ma\u00f1ana, en Casa de Gobierno, el gobernador Leandro Zdero junto a la secretaria general de la Gobernaci\u00f3n, Carolina Meiri\u00f1o, recibieron a las nuevas autoridades del INSSSEP, oficializando la renovaci\u00f3n de la conducci\u00f3n del organismo. La presidencia quedar\u00e1 a cargo del Dr. Rafael Meneses, un destacado profesional del \u00e1mbito de la salud chaque\u00f1a, quien hasta [&hellip;]<\/p>\n","protected":false},"author":11,"featured_media":14431,"comment_status":"open","ping_status":"open","sticky":false,"template":"","format":"standard","meta":{"footnotes":""},"categories":[28],"tags":[],"class_list":{"0":"post-14430","1":"post","2":"type-post","3":"status-publish","4":"format-standard","5":"has-post-thumbnail","7":"category-locales"},"aioseo_notices":[],"_links":{"self":[{"href":"https:\/\/lalupa24.com.ar\/index.php\/wp-json\/wp\/v2\/posts\/14430","targetHints":{"allow":["GET"]}}],"collection":[{"href":"https:\/\/lalupa24.com.ar\/index.php\/wp-json\/wp\/v2\/posts"}],"about":[{"href":"https:\/\/lalupa24.com.ar\/index.php\/wp-json\/wp\/v2\/types\/post"}],"author":[{"embeddable":true,"href":"https:\/\/lalupa24.com.ar\/index.php\/wp-json\/wp\/v2\/users\/11"}],"replies":[{"embeddable":true,"href":"https:\/\/lalupa24.com.ar\/index.php\/wp-json\/wp\/v2\/comments?post=14430"}],"version-history":[{"count":1,"href":"https:\/\/lalupa24.com.ar\/index.php\/wp-json\/wp\/v2\/posts\/14430\/revisions"}],"predecessor-version":[{"id":14432,"href":"https:\/\/lalupa24.com.ar\/index.php\/wp-json\/wp\/v2\/posts\/14430\/revisions\/14432"}],"wp:featuredmedia":[{"embeddable":true,"href":"https:\/\/lalupa24.com.ar\/index.php\/wp-json\/wp\/v2\/media\/14431"}],"wp:attachment":[{"href":"https:\/\/lalupa24.com.ar\/index.php\/wp-json\/wp\/v2\/media?parent=14430"}],"wp:term":[{"taxonomy":"category","embeddable":true,"href":"https:\/\/lalupa24.com.ar\/index.php\/wp-json\/wp\/v2\/categories?post=14430"},{"taxonomy":"post_tag","embeddable":true,"href":"https:\/\/lalupa24.com.ar\/index.php\/wp-json\/wp\/v2\/tags?post=14430"}],"curies":[{"name":"wp","href":"https:\/\/api.w.org\/{rel}","templated":true}]}}