{"id":14452,"date":"2025-11-19T22:26:47","date_gmt":"2025-11-20T01:26:47","guid":{"rendered":"https:\/\/lalupa24.com.ar\/?p=14452"},"modified":"2025-11-20T22:34:53","modified_gmt":"2025-11-21T01:34:53","slug":"este-fin-de-semana-la-fiesta-provincial-del-inmigrante-tendra-una-nueva-edicion-en-las-brenas","status":"publish","type":"post","link":"https:\/\/lalupa24.com.ar\/index.php\/2025\/11\/19\/este-fin-de-semana-la-fiesta-provincial-del-inmigrante-tendra-una-nueva-edicion-en-las-brenas\/","title":{"rendered":"Este fin de semana, la fiesta provincial del inmigrante tendr\u00e1 una nueva edici\u00f3n en Las Bre\u00f1as"},"content":{"rendered":"\n<h4 class=\"wp-block-heading\"><\/h4>\n\n\n\n<p>El secretario de Coordinaci\u00f3n de Gabinete, Livio Guti\u00e9rrez, destac\u00f3 la trascendencia cultural y tur\u00edstica de la celebraci\u00f3n:<br>\u201cEs una fiesta magn\u00edfica que genera un gran movimiento tur\u00edstico y hotelero, adem\u00e1s de mostrar la diversidad de la cultura chaque\u00f1a\u201d, asegur\u00f3.<br>El evento, uno de los m\u00e1s importantes del calendario cultural chaque\u00f1o, reunir\u00e1 a comunidades ucranianas, checas, eslovacas, espa\u00f1olas, italianas, croatas, b\u00falgaras, eslovenas, israelitas y alemanas, que compartir\u00e1n su gastronom\u00eda, historias y tradiciones. El evento cuenta con el apoyo del gobierno provincial, a trav\u00e9s del Consejo Federal de Inversiones (CFI), y del municipio de Las Bre\u00f1as para la realizaci\u00f3n del evento.<\/p>\n\n\n\n<p>Noches de cultura, arte y gastronom\u00eda<br>Viernes 21: actuar\u00e1n el Ballet Druzhba, el Ballet Municipal de Danzas Internacionales y el ballet polaco ZPIT Nasza Ma\u0142a Polska, proveniente de Ober\u00e1 (Misiones). Tambi\u00e9n se elegir\u00e1 a los Abuelos Inmigrantes y se presentar\u00e1n los grupos locales El Clan y Los Rissos. La entrada tendr\u00e1 un costo de $4.000.<br>S\u00e1bado 22: se presentar\u00e1n los bailarines de la Academia de Danzas de Tatiana Montes. Esa noche se elegir\u00e1 a la Reina del Inmigrante y subir\u00e1n al escenario La Brecha, Diableros Juje\u00f1os y el folclorista Fabi\u00e1n Liz\u00e1rraga. El cierre estar\u00e1 a cargo del DJ Mario Fleyta. La entrada costar\u00e1 $8.000.<br>Domingo 23: el \u00faltimo d\u00eda incluir\u00e1 las presentaciones del Ballet Nouva Vita, la banda local Rocken y el cierre a cargo de J\u00f3venes Pordioseros. La entrada general ser\u00e1 de $10.000.<br>Por su parte, el presidente del Instituto de Cultura, Mario Zorrilla, subray\u00f3 el valor identitario del encuentro: \u201cEsta fiesta nos ayuda a reflexionar de qu\u00e9 estamos hechos los chaque\u00f1os; nos recuerda nuestra sangre inmigrante, originaria y criolla. Es una oportunidad para desarrollar nuestro potencial gastron\u00f3mico, hotelero y cultural\u201d, expres\u00f3.<br>En tanto, el intendente de Las Bre\u00f1as, V\u00edctor Machuca, resalt\u00f3 el esfuerzo colectivo que permite sostener la fiesta desde hace casi medio siglo: \u201cLa fiesta se materializ\u00f3 mediante el compromiso y la convicci\u00f3n de la comunidad sobre la identidad de las colectividades inmigrantes y criollas que construyeron nuestra idiosincrasia\u201d, se\u00f1al\u00f3.<br>Por \u00faltimo, el presidente de la Asociaci\u00f3n Permanente de la Fiesta, Ernie Mart\u00edn Berezejczuk, agradeci\u00f3 el acompa\u00f1amiento del Gobierno provincial y remarc\u00f3 que cada colectividad contar\u00e1 con su casa para ofrecer comidas t\u00edpicas y propuestas culturales.<\/p>\n","protected":false},"excerpt":{"rendered":"<p>El secretario de Coordinaci\u00f3n de Gabinete, Livio Guti\u00e9rrez, destac\u00f3 la trascendencia cultural y tur\u00edstica de la celebraci\u00f3n:\u201cEs una fiesta magn\u00edfica que genera un gran movimiento tur\u00edstico y hotelero, adem\u00e1s de mostrar la diversidad de la cultura chaque\u00f1a\u201d, asegur\u00f3.El evento, uno de los m\u00e1s importantes del calendario cultural chaque\u00f1o, reunir\u00e1 a comunidades ucranianas, checas, eslovacas, espa\u00f1olas, [&hellip;]<\/p>\n","protected":false},"author":11,"featured_media":14453,"comment_status":"open","ping_status":"open","sticky":false,"template":"","format":"standard","meta":{"footnotes":""},"categories":[28],"tags":[],"class_list":{"0":"post-14452","1":"post","2":"type-post","3":"status-publish","4":"format-standard","5":"has-post-thumbnail","7":"category-locales"},"aioseo_notices":[],"_links":{"self":[{"href":"https:\/\/lalupa24.com.ar\/index.php\/wp-json\/wp\/v2\/posts\/14452","targetHints":{"allow":["GET"]}}],"collection":[{"href":"https:\/\/lalupa24.com.ar\/index.php\/wp-json\/wp\/v2\/posts"}],"about":[{"href":"https:\/\/lalupa24.com.ar\/index.php\/wp-json\/wp\/v2\/types\/post"}],"author":[{"embeddable":true,"href":"https:\/\/lalupa24.com.ar\/index.php\/wp-json\/wp\/v2\/users\/11"}],"replies":[{"embeddable":true,"href":"https:\/\/lalupa24.com.ar\/index.php\/wp-json\/wp\/v2\/comments?post=14452"}],"version-history":[{"count":1,"href":"https:\/\/lalupa24.com.ar\/index.php\/wp-json\/wp\/v2\/posts\/14452\/revisions"}],"predecessor-version":[{"id":14454,"href":"https:\/\/lalupa24.com.ar\/index.php\/wp-json\/wp\/v2\/posts\/14452\/revisions\/14454"}],"wp:featuredmedia":[{"embeddable":true,"href":"https:\/\/lalupa24.com.ar\/index.php\/wp-json\/wp\/v2\/media\/14453"}],"wp:attachment":[{"href":"https:\/\/lalupa24.com.ar\/index.php\/wp-json\/wp\/v2\/media?parent=14452"}],"wp:term":[{"taxonomy":"category","embeddable":true,"href":"https:\/\/lalupa24.com.ar\/index.php\/wp-json\/wp\/v2\/categories?post=14452"},{"taxonomy":"post_tag","embeddable":true,"href":"https:\/\/lalupa24.com.ar\/index.php\/wp-json\/wp\/v2\/tags?post=14452"}],"curies":[{"name":"wp","href":"https:\/\/api.w.org\/{rel}","templated":true}]}}