{"id":14459,"date":"2025-11-22T12:29:08","date_gmt":"2025-11-22T15:29:08","guid":{"rendered":"https:\/\/lalupa24.com.ar\/?p=14459"},"modified":"2025-11-22T12:29:09","modified_gmt":"2025-11-22T15:29:09","slug":"quienes-son-los-principales-candidatos-a-suceder-a-lousteau-al-frente-de-la-ucr","status":"publish","type":"post","link":"https:\/\/lalupa24.com.ar\/index.php\/2025\/11\/22\/quienes-son-los-principales-candidatos-a-suceder-a-lousteau-al-frente-de-la-ucr\/","title":{"rendered":"Qui\u00e9nes son los principales candidatos a suceder a Lousteau al frente de la UCR"},"content":{"rendered":"\n<p>El ocaso de la era Lousteau. El gobernador de Corrientes, Eduardo Vald\u00e9s, corre con ventaja, pero no se decidi\u00f3 todav\u00eda.<\/p>\n\n\n\n<p>La Uni\u00f3n C\u00edvica Radical (UCR) defini\u00f3 que el 12 de diciembre pr\u00f3ximo a las 14 en la sede nacional del partido ser\u00e1 la fecha y el lugar del plenario de renovaci\u00f3n de autoridades que designar\u00e1 al sucesor del senador y diputado nacional electo Mart\u00edn Lousteau como presidente del Comit\u00e9 Nacional.<\/p>\n\n\n\n<p>Fiel a una tradici\u00f3n ya a\u00f1eja en el radicalismo, la convocatoria resuelta por unanimidad para el recambio de autoridades est\u00e1 prevista para despu\u00e9s del 10 de diciembre, fecha en la que se concretar\u00e1 el reacomodamiento de la estructura legislativa.<\/p>\n\n\n\n<p>&#8220;El Plenario de Delegados lo integran cuatro representantes por provincia, m\u00e1s dos representantes de la Juventud Radical, la Franja Morada, el Foro de Intendentes, la Organizaci\u00f3n de Trabajadores Radicales y la UCR Diversidad&#8221;, inform\u00f3 un comunicado del partido al que la Agencia Noticias Argentinas tuvo acceso.<\/p>\n\n\n\n<p>El evento para designar a la nueva conducci\u00f3n partidaria marca el ocaso de la era de Lousteau, quien nunca pudo sintetizar al conjunto del radicalismo y qued\u00f3 demasiado aislado en su persistente posicionamiento cr\u00edtico hacia el Gobierno.<\/p>\n\n\n\n<p>Como senador nacional, lleg\u00f3 en varias ocasiones a votar en soledad dentro del bloque que preside Eduardo \u201cPeteco\u201d Vischi, como por ejemplo en su recordado pronunciamiento en contra de la Ley Bases que apoy\u00f3 el resto del radicalismo.<\/p>\n\n\n\n<p>Esta postura de confrontaci\u00f3n con la Casa Rosada le vali\u00f3 poderosas cr\u00edticas de muchos de los referentes del radicalismo que se acomodaron en un lugar de docilidad y conciliaci\u00f3n respecto del Poder Ejecutivo nacional, m\u00e1s all\u00e1 de los altibajos en la relaci\u00f3n con Javier Milei.<\/p>\n\n\n\n<p>El ciclo de Lousteau al frente de la UCR coincidi\u00f3 con la ruptura del bloque en la C\u00e1mara de Diputados, que se dividi\u00f3 entre los que se mantuvieron en el bloque original con posturas complacientes con el Gobierno, liderados por Rodrigo de Loredo, los d\u00edscolos que conformaron Democracia para Siempre para acentuar un perfil opositor, y los &#8220;radicales con peluca&#8221; de Liga del Interior que terminaron fusionados en La Libertad Avanza.<\/p>\n\n\n\n<p>Sin intenciones de liderar un nuevo mandato, y con un pie adentro del armado incipiente de Provincias Unidas, Lousteau dejar\u00e1 el lugar libre, y ya empez\u00f3 la carrera por la sucesi\u00f3n.<\/p>\n\n\n\n<p>M\u00e1s all\u00e1 de los matices, todos los nombres que suenan para ocupar la cima partidaria son dirigentes mucho m\u00e1s condescendientes con el Gobierno nacional, lo que marca un cambio de \u00e9poca insoslayable.<\/p>\n\n\n\n<p>El candidato natural y mejor posicionado en la pulseada es el gobernador de Corrientes, Gustavo Vald\u00e9s, el \u00fanico radical que gan\u00f3 las elecciones en su distrito sin entregar el armado a un acuerdo asim\u00e9trico con La Libertad Avanza.<\/p>\n\n\n\n<p>Otros gobernadores que tambi\u00e9n se impusieron en sus distritos son el mendocino Alfredo Cornejo y el chaque\u00f1o Leandro Zdero, pero en ambos casos el armado estuvo intervenido por la Casa Rosada y el nivel de concesiones al oficialismo nacional fue alt\u00edsimo en t\u00e9rminos del nombre de la alianza electoral (Frente La Libertad Avanza) y de las principales candidaturas en la confecci\u00f3n de las listas.<\/p>\n\n\n\n<p>Vald\u00e9s, junto con su par correligionario santafesino, Maximiliano Pullaro, y de Jujuy, Carlos Sadir, compitieron bajo el paraguas de Provincias Unidas: solo el correntino result\u00f3 vencedor y dej\u00f3 en un lejano cuarto puesto al libertario Lisandro Almir\u00f3n.<\/p>\n\n\n\n<p>En tal sentido, el gobernador correntino llega fortalecido, con credenciales renovadas a la instancia previa a la designaci\u00f3n del pr\u00f3ximo titular del Comit\u00e9 Nacional.<\/p>\n\n\n\n<p>\u201cVald\u00e9s es el nombre m\u00e1s claro, pero \u00e9l no ha tomado la decisi\u00f3n\u201d, se\u00f1alaron con cautela las fuentes consultadas por la Agencia Noticias Argentinas.<\/p>\n\n\n\n<p>Quienes alientan la candidatura de Vald\u00e9s temen que Cornejo le plante batalla por el control del partido.<\/p>\n\n\n\n<p>\u201cEl grueso de los delegados no son violetas ni viol\u00e1ceos\u201d, advirtieron, marc\u00e1ndole la cancha al cornejismo. \u201cS\u00f3lo si Cornejo se lanzase, creo que Vald\u00e9s sale a frenarlo\u201d, aventuraron.<\/p>\n\n\n\n<p>Lo cierto es que hasta ahora Cornejo no dio ninguna se\u00f1al en concreto de tener intenciones de librar la disputa.<\/p>\n\n\n\n<p>Tener responsabilidades partidarias mientras tiene el deber de administrar la provincia no estar\u00eda en los planes del mendocino, en principio.<\/p>\n\n\n\n<p>Otro nombre que se baraja, aunque con menos intensidad, es el del senador nacional por la provincia de Buenos Aires Maximiliano Abad, quien tiene relaci\u00f3n con el ex precandidato presidencial -ya retirado de la pol\u00edtica institucional- Ernesto Sanz.<\/p>\n\n\n\n<p>Sin embargo, el radicalismo bonaerense atraviesa una crisis in\u00e9dita por la nula representaci\u00f3n que consigui\u00f3 en las \u00faltimas elecciones, lo que diluye seriamente las chances de Abad de ser considerado en la disputa.<\/p>\n\n\n\n<p>Un gobernador de una provincia triunfante como Corrientes o Mendoza tiene hoy un nivel de representatividad mucho m\u00e1s potente que el que puede mostrar el alica\u00eddo radicalismo bonaerense.<\/p>\n\n\n\n<p>En algunos c\u00edrculos se quiso meter en la discusi\u00f3n al experimentado dirigente cordob\u00e9s e hist\u00f3rico jefe de bloque radical durante una d\u00e9cada Mario Negri, pero desde su entorno descartaron de plano esta opci\u00f3n y le aclararon a NA que \u00e9l &#8220;ni siquiera es delegado&#8221; en la UCR.<\/p>\n\n\n\n<p>Antes de que tome cuerpo la definici\u00f3n de la conducci\u00f3n del Comit\u00e9 Nacional, el radicalismo deber\u00e1 resolver la probable reunificaci\u00f3n de sus bloques legislativos en la C\u00e1mara de Diputados.<\/p>\n\n\n\n<p>En total, quedar\u00e1n apenas una docena de diputados radicales, pero la condici\u00f3n de posibilidad de lograr la unificaci\u00f3n de los dos bancadas (UCR y Democracia para Siempre) reside en que la conducci\u00f3n del bloque de unidad que surja no responda a ninguno de los \u201cextremos\u201d.<\/p>\n\n\n\n<p>\u201cLa idea es que el presidente no sea nadie &#8216;extremo&#8217;. A Lousteau no le interesa, no es el problema. El problema es el cornejismo, que podr\u00eda intentar imponer a Pamela Verasay\u201d, resaltaron fuentes cercanas al ex ministro de Econom\u00eda y l\u00edder de la corriente Evoluci\u00f3n radical.<\/p>\n","protected":false},"excerpt":{"rendered":"<p>El ocaso de la era Lousteau. El gobernador de Corrientes, Eduardo Vald\u00e9s, corre con ventaja, pero no se decidi\u00f3 todav\u00eda. La Uni\u00f3n C\u00edvica Radical (UCR) defini\u00f3 que el 12 de diciembre pr\u00f3ximo a las 14 en la sede nacional del partido ser\u00e1 la fecha y el lugar del plenario de renovaci\u00f3n de autoridades que designar\u00e1 [&hellip;]<\/p>\n","protected":false},"author":11,"featured_media":14460,"comment_status":"open","ping_status":"open","sticky":false,"template":"","format":"standard","meta":{"footnotes":""},"categories":[26],"tags":[],"class_list":{"0":"post-14459","1":"post","2":"type-post","3":"status-publish","4":"format-standard","5":"has-post-thumbnail","7":"category-nacionales"},"aioseo_notices":[],"_links":{"self":[{"href":"https:\/\/lalupa24.com.ar\/index.php\/wp-json\/wp\/v2\/posts\/14459","targetHints":{"allow":["GET"]}}],"collection":[{"href":"https:\/\/lalupa24.com.ar\/index.php\/wp-json\/wp\/v2\/posts"}],"about":[{"href":"https:\/\/lalupa24.com.ar\/index.php\/wp-json\/wp\/v2\/types\/post"}],"author":[{"embeddable":true,"href":"https:\/\/lalupa24.com.ar\/index.php\/wp-json\/wp\/v2\/users\/11"}],"replies":[{"embeddable":true,"href":"https:\/\/lalupa24.com.ar\/index.php\/wp-json\/wp\/v2\/comments?post=14459"}],"version-history":[{"count":1,"href":"https:\/\/lalupa24.com.ar\/index.php\/wp-json\/wp\/v2\/posts\/14459\/revisions"}],"predecessor-version":[{"id":14461,"href":"https:\/\/lalupa24.com.ar\/index.php\/wp-json\/wp\/v2\/posts\/14459\/revisions\/14461"}],"wp:featuredmedia":[{"embeddable":true,"href":"https:\/\/lalupa24.com.ar\/index.php\/wp-json\/wp\/v2\/media\/14460"}],"wp:attachment":[{"href":"https:\/\/lalupa24.com.ar\/index.php\/wp-json\/wp\/v2\/media?parent=14459"}],"wp:term":[{"taxonomy":"category","embeddable":true,"href":"https:\/\/lalupa24.com.ar\/index.php\/wp-json\/wp\/v2\/categories?post=14459"},{"taxonomy":"post_tag","embeddable":true,"href":"https:\/\/lalupa24.com.ar\/index.php\/wp-json\/wp\/v2\/tags?post=14459"}],"curies":[{"name":"wp","href":"https:\/\/api.w.org\/{rel}","templated":true}]}}