{"id":14462,"date":"2025-11-22T12:37:24","date_gmt":"2025-11-22T15:37:24","guid":{"rendered":"https:\/\/lalupa24.com.ar\/?p=14462"},"modified":"2025-11-22T12:37:25","modified_gmt":"2025-11-22T15:37:25","slug":"jair-bolsonaro-fue-llevado-a-la-carcel-la-corte-levanto-su-prision-domiciliaria","status":"publish","type":"post","link":"https:\/\/lalupa24.com.ar\/index.php\/2025\/11\/22\/jair-bolsonaro-fue-llevado-a-la-carcel-la-corte-levanto-su-prision-domiciliaria\/","title":{"rendered":"Jair Bolsonaro fue llevado a la c\u00e1rcel: la Corte levant\u00f3 su prisi\u00f3n domiciliaria"},"content":{"rendered":"\n<p>El expresidente de Brasil fue arrestado por la Polic\u00eda este s\u00e1bado en Brasilia por orden del Supremo Tribunal Federal.<\/p>\n\n\n\n<p>El expresidente brasile\u00f1o Jair Bolsonaro fue preso de forma preventiva este s\u00e1bado en Brasilia, tras varios meses cumpliendo prisi\u00f3n domiciliaria. La detenci\u00f3n se llev\u00f3 a cabo por la Polic\u00eda Federal en cumplimiento de una decisi\u00f3n del Supremo Tribunal Federal (STF).<\/p>\n\n\n\n<p>La medida fue de prisi\u00f3n preventiva y no la ejecuci\u00f3n de su condena de 27 a\u00f1os de c\u00e1rcel. Bolsonaro hab\u00eda sido condenado en septiembre por haber conspirado para impedir la asunci\u00f3n del izquierdista Luiz In\u00e1cio Lula da Silva tras perder los comicios en 2022.<\/p>\n\n\n\n<p>El ex presidente, l\u00edder de la derecha y ultraderecha brasile\u00f1as, se encontraba bajo prisi\u00f3n domiciliaria desde agosto, monitoreado electr\u00f3nicamente en su vivienda en un condominio de lujo en la capital. El STF hab\u00eda rechazado a mediados de noviembre un recurso contra su condena, que establec\u00eda que deb\u00eda cumplirse en &#8220;r\u00e9gimen cerrado&#8221; (prisi\u00f3n).<\/p>\n\n\n\n<p>Pedido de clemencia por salud<\/p>\n\n\n\n<p>La detenci\u00f3n ocurre a pesar de que los abogados de Bolsonaro hab\u00edan solicitado el viernes a la corte que su cliente pudiera purgar su pena en su casa &#8220;por razones humanitarias&#8221; debido a sus delicadas condiciones de salud.<\/p>\n\n\n\n<p>La defensa argument\u00f3 que la alteraci\u00f3n de la prisi\u00f3n domiciliaria representa un &#8220;riesgo de vida&#8221; para Bolsonaro, quien sufre secuelas permanentes de la pu\u00f1alada que recibi\u00f3 en el vientre en 2018. Los abogados citaron m\u00faltiples cirug\u00edas, episodios de reflujo e &#8220;hipo incontrolable&#8221; que le han provocado falta de aire, adem\u00e1s de un diagn\u00f3stico reciente de c\u00e1ncer de piel.<\/p>\n\n\n\n<p>El per\u00edodo para que la defensa presente nuevos recursos para apelar la sentencia de c\u00e1rcel vence el pr\u00f3ximo lunes.<\/p>\n","protected":false},"excerpt":{"rendered":"<p>El expresidente de Brasil fue arrestado por la Polic\u00eda este s\u00e1bado en Brasilia por orden del Supremo Tribunal Federal. El expresidente brasile\u00f1o Jair Bolsonaro fue preso de forma preventiva este s\u00e1bado en Brasilia, tras varios meses cumpliendo prisi\u00f3n domiciliaria. La detenci\u00f3n se llev\u00f3 a cabo por la Polic\u00eda Federal en cumplimiento de una decisi\u00f3n del [&hellip;]<\/p>\n","protected":false},"author":11,"featured_media":14463,"comment_status":"open","ping_status":"open","sticky":false,"template":"","format":"standard","meta":{"footnotes":""},"categories":[25],"tags":[],"class_list":{"0":"post-14462","1":"post","2":"type-post","3":"status-publish","4":"format-standard","5":"has-post-thumbnail","7":"category-internacionales"},"aioseo_notices":[],"_links":{"self":[{"href":"https:\/\/lalupa24.com.ar\/index.php\/wp-json\/wp\/v2\/posts\/14462","targetHints":{"allow":["GET"]}}],"collection":[{"href":"https:\/\/lalupa24.com.ar\/index.php\/wp-json\/wp\/v2\/posts"}],"about":[{"href":"https:\/\/lalupa24.com.ar\/index.php\/wp-json\/wp\/v2\/types\/post"}],"author":[{"embeddable":true,"href":"https:\/\/lalupa24.com.ar\/index.php\/wp-json\/wp\/v2\/users\/11"}],"replies":[{"embeddable":true,"href":"https:\/\/lalupa24.com.ar\/index.php\/wp-json\/wp\/v2\/comments?post=14462"}],"version-history":[{"count":1,"href":"https:\/\/lalupa24.com.ar\/index.php\/wp-json\/wp\/v2\/posts\/14462\/revisions"}],"predecessor-version":[{"id":14464,"href":"https:\/\/lalupa24.com.ar\/index.php\/wp-json\/wp\/v2\/posts\/14462\/revisions\/14464"}],"wp:featuredmedia":[{"embeddable":true,"href":"https:\/\/lalupa24.com.ar\/index.php\/wp-json\/wp\/v2\/media\/14463"}],"wp:attachment":[{"href":"https:\/\/lalupa24.com.ar\/index.php\/wp-json\/wp\/v2\/media?parent=14462"}],"wp:term":[{"taxonomy":"category","embeddable":true,"href":"https:\/\/lalupa24.com.ar\/index.php\/wp-json\/wp\/v2\/categories?post=14462"},{"taxonomy":"post_tag","embeddable":true,"href":"https:\/\/lalupa24.com.ar\/index.php\/wp-json\/wp\/v2\/tags?post=14462"}],"curies":[{"name":"wp","href":"https:\/\/api.w.org\/{rel}","templated":true}]}}