{"id":14494,"date":"2025-11-18T14:18:00","date_gmt":"2025-11-18T17:18:00","guid":{"rendered":"https:\/\/lalupa24.com.ar\/?p=14494"},"modified":"2025-11-22T16:19:15","modified_gmt":"2025-11-22T19:19:15","slug":"la-legislatura-recibio-informes-periciales-de-ecom-sobre-el-incidente-de-ciberseguridad","status":"publish","type":"post","link":"https:\/\/lalupa24.com.ar\/index.php\/2025\/11\/18\/la-legislatura-recibio-informes-periciales-de-ecom-sobre-el-incidente-de-ciberseguridad\/","title":{"rendered":"La Legislatura recibi\u00f3 informes periciales de ECOM sobre el incidente de ciberseguridad"},"content":{"rendered":"\n<p><\/p>\n\n\n\n<p>La presidente de la C\u00e1mara de Diputados, Carmen Delgado, recibi\u00f3 a la directora de ECOM Chaco, Carolina Orcola, y al perito inform\u00e1tico, Pedro Cacivio, para avanzar en el an\u00e1lisis t\u00e9cnico del incidente de ransomware que afect\u00f3 los sistemas del Poder Legislativo. Participaron tambi\u00e9n el secretario Parlamentario, Gustavo Corradi; y el prosecretario T\u00e9cnico de este Poder, Julio Salcedo.<\/p>\n\n\n\n<p>Durante el encuentro, Orcola present\u00f3 los informes periciales forenses elaborados tras la intervenci\u00f3n del equipo especializado, documentaci\u00f3n que permitir\u00e1 al Poder Legislativo avanzar con las actuaciones judiciales correspondientes. \u201cTrajimos los informes periciales sobre el ransomware que ingres\u00f3 en la Legislatura. Ya est\u00e1 todo presentado para que se pueda completar el tr\u00e1mite ante la Justicia\u201d, se\u00f1al\u00f3.<\/p>\n\n\n\n<p>Destac\u00f3 adem\u00e1s \u201cel compromiso de Delgado con todo el proceso\u201d y la colaboraci\u00f3n permanente brindada para facilitar el trabajo t\u00e9cnico. Y brind\u00f3 una serie de recomendaciones generales para la ciudadan\u00eda ante este tipo de amenazas: navegar con precauci\u00f3n, evitar descargar archivos desconocidos, renovar las contrase\u00f1as con regularidad y no utilizar claves predecibles.<\/p>\n\n\n\n<p>Por su parte, el perito Pedro Cacivio explic\u00f3 que, ante el ataque, la instituci\u00f3n activ\u00f3 las medidas necesarias, entre ellas la realizaci\u00f3n de una pericia forense inform\u00e1tica para identificar el tipo de virus, la v\u00eda de ingreso y los pasos adecuados para su contenci\u00f3n y recuperaci\u00f3n. \u201cSe determin\u00f3 qu\u00e9 tipo de ataque se realiz\u00f3 y c\u00f3mo ocurri\u00f3. Hoy entregamos los informes para que la Justicia pueda proceder de manera correcta\u201d, detall\u00f3.<\/p>\n\n\n\n<p>Tambi\u00e9n llev\u00f3 tranquilidad a la ciudadan\u00eda: \u201cLa informaci\u00f3n comprometida no es confidencial ni afecta datos sensibles. Se trata de informaci\u00f3n p\u00fablica, por lo cual no existe riesgo para la comunidad\u201d.<\/p>\n\n\n\n<p>Como orientaci\u00f3n general, remarc\u00f3 que la mayor\u00eda de los ataques se producen a trav\u00e9s de archivos o enlaces que llegan por correo electr\u00f3nico o mensajer\u00eda instant\u00e1nea. \u201cEs importante no abrir documentos de procedencia desconocida ni ingresar a links sospechosos\u201d, cerr\u00f3.<\/p>\n\n\n\n<p>La reuni\u00f3n se enmarca en la Emergencia Inform\u00e1tica declarada recientemente por el Poder Legislativo, luego del incidente de ciberseguridad detectado el 10 de noviembre. Se dispuso la creaci\u00f3n del Comit\u00e9 de Emergencia Inform\u00e1tica, la suspensi\u00f3n de los plazos administrativos, la notificaci\u00f3n a los dem\u00e1s Poderes del Estado y la autorizaci\u00f3n de las acciones necesarias para la restauraci\u00f3n segura de los sistemas afectados. La medida garantiza la continuidad del funcionamiento parlamentario y refuerza el compromiso institucional con la transparencia y la protecci\u00f3n de la informaci\u00f3n p\u00fablica.<\/p>\n","protected":false},"excerpt":{"rendered":"<p>La presidente de la C\u00e1mara de Diputados, Carmen Delgado, recibi\u00f3 a la directora de ECOM Chaco, Carolina Orcola, y al perito inform\u00e1tico, Pedro Cacivio, para avanzar en el an\u00e1lisis t\u00e9cnico del incidente de ransomware que afect\u00f3 los sistemas del Poder Legislativo. Participaron tambi\u00e9n el secretario Parlamentario, Gustavo Corradi; y el prosecretario T\u00e9cnico de este Poder, [&hellip;]<\/p>\n","protected":false},"author":2,"featured_media":14495,"comment_status":"open","ping_status":"open","sticky":false,"template":"","format":"standard","meta":{"footnotes":""},"categories":[28],"tags":[],"class_list":{"0":"post-14494","1":"post","2":"type-post","3":"status-publish","4":"format-standard","5":"has-post-thumbnail","7":"category-locales"},"aioseo_notices":[],"_links":{"self":[{"href":"https:\/\/lalupa24.com.ar\/index.php\/wp-json\/wp\/v2\/posts\/14494","targetHints":{"allow":["GET"]}}],"collection":[{"href":"https:\/\/lalupa24.com.ar\/index.php\/wp-json\/wp\/v2\/posts"}],"about":[{"href":"https:\/\/lalupa24.com.ar\/index.php\/wp-json\/wp\/v2\/types\/post"}],"author":[{"embeddable":true,"href":"https:\/\/lalupa24.com.ar\/index.php\/wp-json\/wp\/v2\/users\/2"}],"replies":[{"embeddable":true,"href":"https:\/\/lalupa24.com.ar\/index.php\/wp-json\/wp\/v2\/comments?post=14494"}],"version-history":[{"count":1,"href":"https:\/\/lalupa24.com.ar\/index.php\/wp-json\/wp\/v2\/posts\/14494\/revisions"}],"predecessor-version":[{"id":14496,"href":"https:\/\/lalupa24.com.ar\/index.php\/wp-json\/wp\/v2\/posts\/14494\/revisions\/14496"}],"wp:featuredmedia":[{"embeddable":true,"href":"https:\/\/lalupa24.com.ar\/index.php\/wp-json\/wp\/v2\/media\/14495"}],"wp:attachment":[{"href":"https:\/\/lalupa24.com.ar\/index.php\/wp-json\/wp\/v2\/media?parent=14494"}],"wp:term":[{"taxonomy":"category","embeddable":true,"href":"https:\/\/lalupa24.com.ar\/index.php\/wp-json\/wp\/v2\/categories?post=14494"},{"taxonomy":"post_tag","embeddable":true,"href":"https:\/\/lalupa24.com.ar\/index.php\/wp-json\/wp\/v2\/tags?post=14494"}],"curies":[{"name":"wp","href":"https:\/\/api.w.org\/{rel}","templated":true}]}}