{"id":14537,"date":"2025-11-22T21:48:58","date_gmt":"2025-11-23T00:48:58","guid":{"rendered":"https:\/\/lalupa24.com.ar\/?p=14537"},"modified":"2025-11-22T21:48:59","modified_gmt":"2025-11-23T00:48:59","slug":"continuidad-en-seguridad-y-giro-historico-en-defensa-asumen-monteoliva-y-presti","status":"publish","type":"post","link":"https:\/\/lalupa24.com.ar\/index.php\/2025\/11\/22\/continuidad-en-seguridad-y-giro-historico-en-defensa-asumen-monteoliva-y-presti\/","title":{"rendered":"CONTINUIDAD EN SEGURIDAD Y GIRO HIST\u00d3RICO EN DEFENSA: ASUMEN MONTEOLIVA Y PRESTI"},"content":{"rendered":"\n<p>El Gobierno Nacional anunci\u00f3 una serie de designaciones en su Gabinete que implican un recambio en dos carteras clave: el Ministerio de Seguridad y el Ministerio de Defensa. Alejandra Monteoliva suceder\u00e1 a Patricia Bullrich en Seguridad, mientras que el Teniente General Carlos Presti asumir\u00e1 el mando de Defensa, en lo que constituye un hito significativo y un cambio de paradigma en la pol\u00edtica militar argentina, al ser el primer militar en actividad en asumir ese cargo desde el retorno de la democracia en 1983.<\/p>\n\n\n\n<p>La designaci\u00f3n de Alejandra Monteoliva, quien se desempe\u00f1aba hasta ahora como Secretaria de Seguridad Nacional, garantiza una l\u00ednea de <strong>continuidad en la gesti\u00f3n y la pol\u00edtica<\/strong> que ha sido bautizada como la &#8220;Doctrina Bullrich&#8221;. Monteoliva es reconocida por su perfil t\u00e9cnico y su experiencia previa como Ministra de Seguridad en la provincia de C\u00f3rdoba y como consultora internacional, destac\u00e1ndose su participaci\u00f3n en el dise\u00f1o de estrategias de seguridad en pa\u00edses como El Salvador, a menudo vinculadas al denominado &#8220;Modelo Bukele&#8221;. Este nombramiento es interpretado por la Oficina del Presidente como un respaldo expl\u00edcito a la lucha frontal contra el narcoterrorismo y el crimen organizado.<\/p>\n\n\n\n<p>El nombramiento del Teniente General Carlos Presti en Defensa, actual Jefe del Estado Mayor General del Ej\u00e9rcito, es el que genera el mayor impacto y debate pol\u00edtico. Al convertirse en el primer uniformado en ocupar esta cartera civil en m\u00e1s de cuatro d\u00e9cadas, la decisi\u00f3n presidencial rompe con una tradici\u00f3n establecida que buscaba mantener la conducci\u00f3n pol\u00edtica de las Fuerzas Armadas. Este giro se enmarca en la visi\u00f3n del Gobierno de revitalizar el rol de las Fuerzas Armadas en apoyo a la seguridad interior, particularmente en la lucha contra el narcotr\u00e1fico y el terrorismo.<\/p>\n\n\n\n<p>Analistas de Defensa se\u00f1alan que la llegada de Presti podr\u00eda significar una <strong>revisi\u00f3n profunda de las Leyes de Defensa Nacional y de Seguridad Interior<\/strong>, normativas que establecen l\u00edmites claros para la actuaci\u00f3n de los militares en escenarios internos. Su perfil como militar de carrera condecorado y con experiencia en misiones de paz de la ONU, como en Hait\u00ed, le otorga un capital simb\u00f3lico dentro de la Fuerza, pero su designaci\u00f3n ya ha provocado un intenso debate en el \u00e1mbito pol\u00edtico y de derechos humanos debido a la controversia que rodea a su padre, un ex militar imputado por delitos de lesa humanidad.<\/p>\n\n\n\n<p>La hoja de ruta para los nuevos ministros se presenta cargada de desaf\u00edos inmediatos. Monteoliva deber\u00e1 mantener y profundizar las pol\u00edticas de seguridad en zonas complejas como Rosario, enfrentando el desaf\u00edo de la coordinaci\u00f3n federal con las polic\u00edas provinciales. Por su parte, Presti tendr\u00e1 como misi\u00f3n modernizar las capacidades operativas de las Fuerzas Armadas en un contexto de restricciones presupuestarias y, simult\u00e1neamente, gestionar la sensibilidad pol\u00edtica inherente a su cargo y su procedencia, garantizando la subordinaci\u00f3n del estamento militar al poder civil.<\/p>\n\n\n\n<p>En definitiva, este doble recambio ministerial se interpreta como una se\u00f1al de la consolidaci\u00f3n de dos ejes centrales de la actual administraci\u00f3n: la <strong>mano dura en seguridad<\/strong> bajo una figura de probada lealtad a la ex ministra Bullrich, y una audaz <strong>reafirmaci\u00f3n del rol de las Fuerzas Armadas<\/strong> en el esquema de seguridad nacional. La era post-Bullrich y post-Petri se inicia con una clara apuesta por la continuidad en la estrategia de orden, pero con una hist\u00f3rica movida en Defensa que promete ser uno de los puntos m\u00e1s \u00e1lgidos en la agenda pol\u00edtica y social de los pr\u00f3ximos meses.<\/p>\n","protected":false},"excerpt":{"rendered":"<p>El Gobierno Nacional anunci\u00f3 una serie de designaciones en su Gabinete que implican un recambio en dos carteras clave: el Ministerio de Seguridad y el Ministerio de Defensa. Alejandra Monteoliva suceder\u00e1 a Patricia Bullrich en Seguridad, mientras que el Teniente General Carlos Presti asumir\u00e1 el mando de Defensa, en lo que constituye un hito significativo [&hellip;]<\/p>\n","protected":false},"author":2,"featured_media":14529,"comment_status":"open","ping_status":"open","sticky":false,"template":"","format":"standard","meta":{"footnotes":""},"categories":[26],"tags":[],"class_list":{"0":"post-14537","1":"post","2":"type-post","3":"status-publish","4":"format-standard","5":"has-post-thumbnail","7":"category-nacionales"},"aioseo_notices":[],"_links":{"self":[{"href":"https:\/\/lalupa24.com.ar\/index.php\/wp-json\/wp\/v2\/posts\/14537","targetHints":{"allow":["GET"]}}],"collection":[{"href":"https:\/\/lalupa24.com.ar\/index.php\/wp-json\/wp\/v2\/posts"}],"about":[{"href":"https:\/\/lalupa24.com.ar\/index.php\/wp-json\/wp\/v2\/types\/post"}],"author":[{"embeddable":true,"href":"https:\/\/lalupa24.com.ar\/index.php\/wp-json\/wp\/v2\/users\/2"}],"replies":[{"embeddable":true,"href":"https:\/\/lalupa24.com.ar\/index.php\/wp-json\/wp\/v2\/comments?post=14537"}],"version-history":[{"count":1,"href":"https:\/\/lalupa24.com.ar\/index.php\/wp-json\/wp\/v2\/posts\/14537\/revisions"}],"predecessor-version":[{"id":14538,"href":"https:\/\/lalupa24.com.ar\/index.php\/wp-json\/wp\/v2\/posts\/14537\/revisions\/14538"}],"wp:featuredmedia":[{"embeddable":true,"href":"https:\/\/lalupa24.com.ar\/index.php\/wp-json\/wp\/v2\/media\/14529"}],"wp:attachment":[{"href":"https:\/\/lalupa24.com.ar\/index.php\/wp-json\/wp\/v2\/media?parent=14537"}],"wp:term":[{"taxonomy":"category","embeddable":true,"href":"https:\/\/lalupa24.com.ar\/index.php\/wp-json\/wp\/v2\/categories?post=14537"},{"taxonomy":"post_tag","embeddable":true,"href":"https:\/\/lalupa24.com.ar\/index.php\/wp-json\/wp\/v2\/tags?post=14537"}],"curies":[{"name":"wp","href":"https:\/\/api.w.org\/{rel}","templated":true}]}}