{"id":14539,"date":"2025-11-22T21:50:27","date_gmt":"2025-11-23T00:50:27","guid":{"rendered":"https:\/\/lalupa24.com.ar\/?p=14539"},"modified":"2025-11-22T21:50:28","modified_gmt":"2025-11-23T00:50:28","slug":"reforma-laboral-el-oficialismo-profundiza-cambios-en-vacaciones-indemnizaciones-y-licencias-por-enfermedad","status":"publish","type":"post","link":"https:\/\/lalupa24.com.ar\/index.php\/2025\/11\/22\/reforma-laboral-el-oficialismo-profundiza-cambios-en-vacaciones-indemnizaciones-y-licencias-por-enfermedad\/","title":{"rendered":"REFORMA LABORAL: EL OFICIALISMO PROFUNDIZA CAMBIOS EN VACACIONES, INDEMNIZACIONES Y LICENCIAS POR ENFERMEDAD"},"content":{"rendered":"\n<p>El Gobierno Nacional, en el marco del Consejo de Mayo, avanza en la discusi\u00f3n de un borrador de reforma laboral que promete ser uno de los pilares de su agenda legislativa. El anteproyecto, que se busca elevar al Congreso antes de fin de a\u00f1o, introduce modificaciones sustanciales a la Ley de Contrato de Trabajo (LCT) en aspectos sensibles como el r\u00e9gimen de vacaciones, el sistema indemnizatorio y las licencias por enfermedad, apuntando a un esquema de mayor &#8220;flexibilidad&#8221; y &#8220;modernizaci\u00f3n&#8221; del mercado de trabajo.<\/p>\n\n\n\n<p>Uno de los ejes de la reforma se centra en la flexibilizaci\u00f3n de las <strong>vacaciones anuales<\/strong>. El borrador propone reescribir el Art\u00edculo 154 de la LCT para, entre otras cosas, habilitar el fraccionamiento del descanso anual. Aunque se mantendr\u00eda el per\u00edodo de otorgamiento entre el 1\u00b0 de octubre y el 30 de abril, se permitir\u00eda tomar tramos m\u00e1s cortos, con la condici\u00f3n de que cada per\u00edodo fraccionado tenga una duraci\u00f3n m\u00ednima de siete d\u00edas. Adem\u00e1s, se establecer\u00eda que, de no gozarse de forma simult\u00e1nea, el trabajador deber\u00e1 tener garantizado un per\u00edodo de descanso en la temporada de verano al menos una vez cada tres a\u00f1os.<\/p>\n\n\n\n<p>En cuanto a las <strong>licencias por enfermedad o accidente inculpable<\/strong>, el texto oficial introduce precisiones que buscan evitar abusos y ordenar la gesti\u00f3n administrativa. Se incorpora la disposici\u00f3n de que, si una enfermedad sobreviene o interrumpe el per\u00edodo de vacaciones, el trabajador deber\u00e1 reincorporarse a su puesto una vez concluido el per\u00edodo de descanso originalmente pautado, o bien, al finalizar la licencia m\u00e9dica, debiendo reprogramarse los d\u00edas de vacaciones restantes. Se mantiene, no obstante, la facultad del empleador de realizar controles m\u00e9dicos, con la salvedad de que los certificados podr\u00e1n ser emitidos por profesionales de cualquier parte del pa\u00eds.<\/p>\n\n\n\n<p>El punto de mayor impacto potencial se halla en el r\u00e9gimen de <strong>indemnizaci\u00f3n por despido sin causa<\/strong>. El proyecto de ley impulsa la posibilidad de que, a trav\u00e9s de la negociaci\u00f3n colectiva, se pueda sustituir el esquema tradicional de indemnizaci\u00f3n por antig\u00fcedad (previsto en el art\u00edculo 245 de la LCT) por un <strong>fondo de cese laboral o un sistema de seguro<\/strong>. El nuevo Art\u00edculo 245 <em>ter<\/em> establece que, de adoptarse este mecanismo, que siempre deber\u00e1 ser financiado por el empleador, reemplazar\u00e1 &#8220;\u00edntegramente&#8221; la indemnizaci\u00f3n tradicional, siguiendo un modelo similar al utilizado en el sector de la construcci\u00f3n.<\/p>\n\n\n\n<p>La propuesta oficial busca dar una se\u00f1al clara al sector empresario en pos de <strong>incentivar la generaci\u00f3n de empleo registrado<\/strong> al reducir lo que, desde la \u00f3ptica liberal, se denomina el &#8220;costo de salida&#8221;. No obstante, la iniciativa ya encuentra un fuerte rechazo en la Confederaci\u00f3n General del Trabajo (CGT), que considera que las modificaciones propuestas atentan contra derechos adquiridos y la estabilidad laboral. La central sindical ha anticipado que afinar\u00e1 su estrategia legal y pol\u00edtica para oponerse a los puntos m\u00e1s controversiales de la reforma.<\/p>\n\n\n\n<p>El debate que se avecina en el Congreso ser\u00e1 un pulso entre la visi\u00f3n de &#8220;modernizaci\u00f3n&#8221; y &#8220;flexibilidad&#8221; que pregona el Ejecutivo y el reclamo de &#8220;protecci\u00f3n de los derechos laborales&#8221; que enarbola el sindicalismo. La discusi\u00f3n trascender\u00e1 el \u00e1mbito t\u00e9cnico-legal para transformarse en una <strong>batalla ideol\u00f3gica y pol\u00edtica<\/strong> sobre el futuro del modelo productivo y social argentino.<\/p>\n","protected":false},"excerpt":{"rendered":"<p>El Gobierno Nacional, en el marco del Consejo de Mayo, avanza en la discusi\u00f3n de un borrador de reforma laboral que promete ser uno de los pilares de su agenda legislativa. El anteproyecto, que se busca elevar al Congreso antes de fin de a\u00f1o, introduce modificaciones sustanciales a la Ley de Contrato de Trabajo (LCT) [&hellip;]<\/p>\n","protected":false},"author":2,"featured_media":14530,"comment_status":"open","ping_status":"open","sticky":false,"template":"","format":"standard","meta":{"footnotes":""},"categories":[26],"tags":[],"class_list":{"0":"post-14539","1":"post","2":"type-post","3":"status-publish","4":"format-standard","5":"has-post-thumbnail","7":"category-nacionales"},"aioseo_notices":[],"_links":{"self":[{"href":"https:\/\/lalupa24.com.ar\/index.php\/wp-json\/wp\/v2\/posts\/14539","targetHints":{"allow":["GET"]}}],"collection":[{"href":"https:\/\/lalupa24.com.ar\/index.php\/wp-json\/wp\/v2\/posts"}],"about":[{"href":"https:\/\/lalupa24.com.ar\/index.php\/wp-json\/wp\/v2\/types\/post"}],"author":[{"embeddable":true,"href":"https:\/\/lalupa24.com.ar\/index.php\/wp-json\/wp\/v2\/users\/2"}],"replies":[{"embeddable":true,"href":"https:\/\/lalupa24.com.ar\/index.php\/wp-json\/wp\/v2\/comments?post=14539"}],"version-history":[{"count":1,"href":"https:\/\/lalupa24.com.ar\/index.php\/wp-json\/wp\/v2\/posts\/14539\/revisions"}],"predecessor-version":[{"id":14540,"href":"https:\/\/lalupa24.com.ar\/index.php\/wp-json\/wp\/v2\/posts\/14539\/revisions\/14540"}],"wp:featuredmedia":[{"embeddable":true,"href":"https:\/\/lalupa24.com.ar\/index.php\/wp-json\/wp\/v2\/media\/14530"}],"wp:attachment":[{"href":"https:\/\/lalupa24.com.ar\/index.php\/wp-json\/wp\/v2\/media?parent=14539"}],"wp:term":[{"taxonomy":"category","embeddable":true,"href":"https:\/\/lalupa24.com.ar\/index.php\/wp-json\/wp\/v2\/categories?post=14539"},{"taxonomy":"post_tag","embeddable":true,"href":"https:\/\/lalupa24.com.ar\/index.php\/wp-json\/wp\/v2\/tags?post=14539"}],"curies":[{"name":"wp","href":"https:\/\/api.w.org\/{rel}","templated":true}]}}