{"id":14541,"date":"2025-11-22T21:55:03","date_gmt":"2025-11-23T00:55:03","guid":{"rendered":"https:\/\/lalupa24.com.ar\/?p=14541"},"modified":"2025-11-22T21:55:04","modified_gmt":"2025-11-23T00:55:04","slug":"el-extasis-granate-de-luis-ventura-el-periodista-celebra-el-titulo-de-lanus-con-recuerdos-futbolisticos","status":"publish","type":"post","link":"https:\/\/lalupa24.com.ar\/index.php\/2025\/11\/22\/el-extasis-granate-de-luis-ventura-el-periodista-celebra-el-titulo-de-lanus-con-recuerdos-futbolisticos\/","title":{"rendered":"EL \u00c9XTASIS GRANATE DE LUIS VENTURA: EL PERIODISTA CELEBRA EL T\u00cdTULO DE LAN\u00daS CON RECUERDOS FUTBOL\u00cdSTICOS"},"content":{"rendered":"\n<p>La consagraci\u00f3n de Lan\u00fas como campe\u00f3n de la Copa Sudamericana 2025, tras una dram\u00e1tica y electrizante definici\u00f3n por penales ante Atl\u00e9tico Mineiro, desat\u00f3 una ola de euforia en el universo &#8220;granate&#8221; que trascendi\u00f3 las tribunas y lleg\u00f3 al \u00e1mbito medi\u00e1tico. Entre las celebraciones m\u00e1s efusivas se destac\u00f3 la del reconocido periodista y dirigente deportivo Luis Ventura, quien utiliz\u00f3 sus plataformas digitales para manifestar su profunda alegr\u00eda por el nuevo logro internacional del club de sus afectos, reafirmando su v\u00ednculo hist\u00f3rico y genuino con la entidad del sur bonaerense.<\/p>\n\n\n\n<p>Ventura, con su caracter\u00edstico estilo apasionado, comparti\u00f3 en sus redes sociales una imagen antigua y emotiva donde se lo ve posando con la camiseta de Lan\u00fas, acompa\u00f1ada de la exclamaci\u00f3n: \u201c<strong>Campeones Grana, caraj\u2026<\/strong>\u201d. El posteo, que r\u00e1pidamente cosech\u00f3 miles de interacciones, no solo reflej\u00f3 la alegr\u00eda del hincha, sino que subray\u00f3 la conexi\u00f3n profunda que mantiene el comunicador con el club, una relaci\u00f3n que se remonta a sus inicios como deportista en las divisiones formativas.<\/p>\n\n\n\n<p>La intensidad de la celebraci\u00f3n de Ventura se explica por su trayectoria personal ligada al Club Atl\u00e9tico Lan\u00fas. Seg\u00fan su propia historia, su padre le inculc\u00f3 la pasi\u00f3n por el f\u00fatbol y el periodismo, llev\u00e1ndolo desde peque\u00f1o a jugar en el Parque Lezama, lo que lo condujo a las inferiores del club. Con solo siete a\u00f1os, Ventura comenz\u00f3 un recorrido en el que lleg\u00f3 a ser <strong>capit\u00e1n en todas las categor\u00edas juveniles<\/strong> y, notablemente, debut\u00f3 en la primera divisi\u00f3n como volante central, posici\u00f3n clave conocida como &#8220;n\u00famero 5&#8221;.<\/p>\n\n\n\n<p>El logro de la Copa Sudamericana 2025 representa la <strong>octava estrella de la historia de Lan\u00fas<\/strong>, consolidando su posici\u00f3n como uno de los equipos m\u00e1s exitosos del f\u00fatbol argentino en el siglo XXI y el que mayor cantidad de finales de este certamen disput\u00f3 (tres). Al sumar este trofeo al conseguido en 2013 y a la Copa Conmebol de 1996, el &#8220;Granate&#8221; se afianza en el panorama continental y garantiza su clasificaci\u00f3n directa a la fase de grupos de la pr\u00f3xima Copa Libertadores, adem\u00e1s de disputar la Recopa Sudamericana ante el futuro campe\u00f3n de la Libertadores.<\/p>\n\n\n\n<p>Expertos en el seguimiento de la far\u00e1ndula deportiva interpretan el festejo de Ventura no solo como el del hincha, sino tambi\u00e9n como una <strong>necesidad de liberaci\u00f3n emocional<\/strong> ante su intensa agenda profesional, que incluye la organizaci\u00f3n del Mart\u00edn Fierro Latino, y sus compromisos como Director T\u00e9cnico en el f\u00fatbol de ascenso. La pasi\u00f3n futbol\u00edstica, en este contexto, act\u00faa como un canal de escape y pertenencia, reviviendo su pasado como futbolista que, aunque breve en la \u00e9lite, marc\u00f3 su identidad.<\/p>\n\n\n\n<p>La victoria en Asunci\u00f3n, que se defini\u00f3 tras una ag\u00f3nica tanda de penales con una actuaci\u00f3n estelar del arquero Nahuel Losada, se traduce adem\u00e1s en un importante impacto econ\u00f3mico para Lan\u00fas, que embols\u00f3 una cuantiosa suma en d\u00f3lares, seg\u00fan informes de CONMEBOL, asegurando estabilidad financiera para la pr\u00f3xima temporada. Para Luis Ventura, m\u00e1s all\u00e1 de los premios y las copas, la consagraci\u00f3n es la reafirmaci\u00f3n de un sentimiento que lo acompa\u00f1a desde la ni\u00f1ez, un lazo que ni la fama ni sus m\u00faltiples ocupaciones lograron romper, y que lo conecta \u00edntimamente con el barrio y su origen deportivo.<\/p>\n","protected":false},"excerpt":{"rendered":"<p>La consagraci\u00f3n de Lan\u00fas como campe\u00f3n de la Copa Sudamericana 2025, tras una dram\u00e1tica y electrizante definici\u00f3n por penales ante Atl\u00e9tico Mineiro, desat\u00f3 una ola de euforia en el universo &#8220;granate&#8221; que trascendi\u00f3 las tribunas y lleg\u00f3 al \u00e1mbito medi\u00e1tico. Entre las celebraciones m\u00e1s efusivas se destac\u00f3 la del reconocido periodista y dirigente deportivo Luis [&hellip;]<\/p>\n","protected":false},"author":2,"featured_media":14532,"comment_status":"open","ping_status":"open","sticky":false,"template":"","format":"standard","meta":{"footnotes":""},"categories":[26],"tags":[],"class_list":{"0":"post-14541","1":"post","2":"type-post","3":"status-publish","4":"format-standard","5":"has-post-thumbnail","7":"category-nacionales"},"aioseo_notices":[],"_links":{"self":[{"href":"https:\/\/lalupa24.com.ar\/index.php\/wp-json\/wp\/v2\/posts\/14541","targetHints":{"allow":["GET"]}}],"collection":[{"href":"https:\/\/lalupa24.com.ar\/index.php\/wp-json\/wp\/v2\/posts"}],"about":[{"href":"https:\/\/lalupa24.com.ar\/index.php\/wp-json\/wp\/v2\/types\/post"}],"author":[{"embeddable":true,"href":"https:\/\/lalupa24.com.ar\/index.php\/wp-json\/wp\/v2\/users\/2"}],"replies":[{"embeddable":true,"href":"https:\/\/lalupa24.com.ar\/index.php\/wp-json\/wp\/v2\/comments?post=14541"}],"version-history":[{"count":1,"href":"https:\/\/lalupa24.com.ar\/index.php\/wp-json\/wp\/v2\/posts\/14541\/revisions"}],"predecessor-version":[{"id":14542,"href":"https:\/\/lalupa24.com.ar\/index.php\/wp-json\/wp\/v2\/posts\/14541\/revisions\/14542"}],"wp:featuredmedia":[{"embeddable":true,"href":"https:\/\/lalupa24.com.ar\/index.php\/wp-json\/wp\/v2\/media\/14532"}],"wp:attachment":[{"href":"https:\/\/lalupa24.com.ar\/index.php\/wp-json\/wp\/v2\/media?parent=14541"}],"wp:term":[{"taxonomy":"category","embeddable":true,"href":"https:\/\/lalupa24.com.ar\/index.php\/wp-json\/wp\/v2\/categories?post=14541"},{"taxonomy":"post_tag","embeddable":true,"href":"https:\/\/lalupa24.com.ar\/index.php\/wp-json\/wp\/v2\/tags?post=14541"}],"curies":[{"name":"wp","href":"https:\/\/api.w.org\/{rel}","templated":true}]}}