{"id":14543,"date":"2025-11-22T21:56:12","date_gmt":"2025-11-23T00:56:12","guid":{"rendered":"https:\/\/lalupa24.com.ar\/?p=14543"},"modified":"2025-11-22T21:56:13","modified_gmt":"2025-11-23T00:56:13","slug":"la-crisis-de-corrupcion-en-andis-golpea-a-economia-renuncio-javier-cardini-tras-el-hallazgo-de-700-mil-dolares","status":"publish","type":"post","link":"https:\/\/lalupa24.com.ar\/index.php\/2025\/11\/22\/la-crisis-de-corrupcion-en-andis-golpea-a-economia-renuncio-javier-cardini-tras-el-hallazgo-de-700-mil-dolares\/","title":{"rendered":"LA CRISIS DE CORRUPCI\u00d3N EN ANDIS GOLPEA A ECONOM\u00cdA: RENUNCI\u00d3 JAVIER CARDINI TRAS EL HALLAZGO DE 700 MIL D\u00d3LARES"},"content":{"rendered":"\n<p>La trama de supuestas coimas en la Agencia Nacional de Discapacidad (ANDIS) ha escalado hasta el coraz\u00f3n del Ministerio de Econom\u00eda, desencadenando la renuncia de <strong>Javier Cardini<\/strong>, quien se desempe\u00f1aba como Subsecretario de Gesti\u00f3n Productiva de la Naci\u00f3n. Su dimisi\u00f3n, presentada el pasado jueves por la noche, se produce en medio de una intensa presi\u00f3n pol\u00edtica y la creciente difusi\u00f3n de detalles del expediente judicial, que lo vincula a la causa a trav\u00e9s de su pareja, la exfuncionaria Ornella Calvete, tras el <strong>hallazgo de 700.000 d\u00f3lares en efectivo<\/strong> en el domicilio que compart\u00edan en Puerto Madero.<\/p>\n\n\n\n<p>La situaci\u00f3n de Cardini se torn\u00f3 insostenible desde que se conocieron los detalles del allanamiento ordenado por la Justicia Federal. Hasta su salida, el ingeniero industrial ocupaba un puesto clave en el organigrama de la Secretar\u00eda de Producci\u00f3n, bajo la \u00f3rbita del ministro Luis Caputo. Su exposici\u00f3n medi\u00e1tica y judicial no solo se deb\u00eda a su alto cargo, sino a su v\u00ednculo personal con <strong>Ornella Calvete<\/strong>, quien ya hab\u00eda renunciado d\u00edas antes a su puesto en Hacienda. El dinero secuestrado en la vivienda se convirti\u00f3 en la prueba material que precipit\u00f3 la salida de ambos del \u00e1mbito estatal.<\/p>\n\n\n\n<p>La investigaci\u00f3n, liderada por el juez federal Sebasti\u00e1n Casanello y el fiscal Franco Picardi, se enfoca en una presunta red de corrupci\u00f3n que operaba en la ANDIS, involucrando el cobro de sobornos a <em>droguer\u00edas<\/em> y prestadores de servicios a personas con discapacidad. La trama apunta a que el principal operador de este circuito il\u00edcito ser\u00eda <strong>Miguel \u00c1ngel Calvete<\/strong>, padre de Ornella Calvete, quien fue detenido en el marco de la causa. Los investigadores sospechan que la red se dedicaba a gestionar y acelerar tr\u00e1mites sensibles a cambio de contraprestaciones econ\u00f3micas ilegales.<\/p>\n\n\n\n<p>La crisis generada por la causa ANDIS implica un costo pol\u00edtico significativo para el Gobierno Nacional, que hab\u00eda enarbolado la bandera de la <strong>intransigencia frente a la corrupci\u00f3n<\/strong>. Cardini hab\u00eda llegado al Estado con un fuerte respaldo del c\u00edrculo de confianza del presidente, incluido el influyente asesor Santiago Caputo, lo que eleva el perfil de la renuncia. Analistas pol\u00edticos se\u00f1alan que el Poder Ejecutivo se ve obligado a <strong>actuar con celeridad y firmeza<\/strong> para evitar que el esc\u00e1ndalo erosione la credibilidad de la administraci\u00f3n, especialmente en un \u00e1rea tan sensible como la discapacidad.<\/p>\n\n\n\n<p>En el plano judicial, el hallazgo de los 700.000 d\u00f3lares en el domicilio de la pareja es considerado un <strong>elemento probatorio central<\/strong>. Documentaci\u00f3n y dispositivos electr\u00f3nicos tambi\u00e9n fueron secuestrados durante los allanamientos simult\u00e1neos. Aunque los principales imputados, incluyendo Miguel \u00c1ngel Calvete, optaron por negarse a declarar en sus indagatorias, la Fiscal\u00eda cuenta con transcripciones de conversaciones telef\u00f3nicas y <em>chats<\/em> que, seg\u00fan fuentes judiciales, sugieren la existencia de un circuito de recaudaci\u00f3n y la menci\u00f3n de funcionarios clave en la estructura estatal.<\/p>\n\n\n\n<p>La salida de Javier Cardini intenta <em>descomprimir<\/em> la presi\u00f3n medi\u00e1tica y pol\u00edtica sobre el Ministerio de Econom\u00eda, pero no clausura la investigaci\u00f3n. Expertos en derecho penal econ\u00f3mico anticipan que el foco de la Justicia ahora se centrar\u00e1 en desentra\u00f1ar el <strong>origen y la trazabilidad de los fondos<\/strong> incautados, determinar el rol exacto de los exfuncionarios en la presunta red il\u00edcita y establecer la magnitud real del esquema de coimas dentro de la estructura burocr\u00e1tica del Estado. El caso ANDIS promete continuar en la primera l\u00ednea de la agenda judicial durante los pr\u00f3ximos meses.<\/p>\n","protected":false},"excerpt":{"rendered":"<p>La trama de supuestas coimas en la Agencia Nacional de Discapacidad (ANDIS) ha escalado hasta el coraz\u00f3n del Ministerio de Econom\u00eda, desencadenando la renuncia de Javier Cardini, quien se desempe\u00f1aba como Subsecretario de Gesti\u00f3n Productiva de la Naci\u00f3n. Su dimisi\u00f3n, presentada el pasado jueves por la noche, se produce en medio de una intensa presi\u00f3n [&hellip;]<\/p>\n","protected":false},"author":2,"featured_media":14533,"comment_status":"open","ping_status":"open","sticky":false,"template":"","format":"standard","meta":{"footnotes":""},"categories":[26],"tags":[],"class_list":{"0":"post-14543","1":"post","2":"type-post","3":"status-publish","4":"format-standard","5":"has-post-thumbnail","7":"category-nacionales"},"aioseo_notices":[],"_links":{"self":[{"href":"https:\/\/lalupa24.com.ar\/index.php\/wp-json\/wp\/v2\/posts\/14543","targetHints":{"allow":["GET"]}}],"collection":[{"href":"https:\/\/lalupa24.com.ar\/index.php\/wp-json\/wp\/v2\/posts"}],"about":[{"href":"https:\/\/lalupa24.com.ar\/index.php\/wp-json\/wp\/v2\/types\/post"}],"author":[{"embeddable":true,"href":"https:\/\/lalupa24.com.ar\/index.php\/wp-json\/wp\/v2\/users\/2"}],"replies":[{"embeddable":true,"href":"https:\/\/lalupa24.com.ar\/index.php\/wp-json\/wp\/v2\/comments?post=14543"}],"version-history":[{"count":1,"href":"https:\/\/lalupa24.com.ar\/index.php\/wp-json\/wp\/v2\/posts\/14543\/revisions"}],"predecessor-version":[{"id":14544,"href":"https:\/\/lalupa24.com.ar\/index.php\/wp-json\/wp\/v2\/posts\/14543\/revisions\/14544"}],"wp:featuredmedia":[{"embeddable":true,"href":"https:\/\/lalupa24.com.ar\/index.php\/wp-json\/wp\/v2\/media\/14533"}],"wp:attachment":[{"href":"https:\/\/lalupa24.com.ar\/index.php\/wp-json\/wp\/v2\/media?parent=14543"}],"wp:term":[{"taxonomy":"category","embeddable":true,"href":"https:\/\/lalupa24.com.ar\/index.php\/wp-json\/wp\/v2\/categories?post=14543"},{"taxonomy":"post_tag","embeddable":true,"href":"https:\/\/lalupa24.com.ar\/index.php\/wp-json\/wp\/v2\/tags?post=14543"}],"curies":[{"name":"wp","href":"https:\/\/api.w.org\/{rel}","templated":true}]}}