{"id":14556,"date":"2025-11-22T22:15:08","date_gmt":"2025-11-23T01:15:08","guid":{"rendered":"https:\/\/lalupa24.com.ar\/?p=14556"},"modified":"2025-11-22T22:15:09","modified_gmt":"2025-11-23T01:15:09","slug":"reaccion-de-trump-califica-de-muy-malo-el-arresto-de-bolsonaro-y-anuncia-proxima-reunion-con-lula-da-silva","status":"publish","type":"post","link":"https:\/\/lalupa24.com.ar\/index.php\/2025\/11\/22\/reaccion-de-trump-califica-de-muy-malo-el-arresto-de-bolsonaro-y-anuncia-proxima-reunion-con-lula-da-silva\/","title":{"rendered":"REACCI\u00d3N DE TRUMP: CALIFICA DE &#8220;MUY MALO&#8221; EL ARRESTO DE BOLSONARO Y ANUNCIA PR\u00d3XIMA REUNI\u00d3N CON LULA DA SILVA"},"content":{"rendered":"\n<p>El panorama pol\u00edtico regional de Am\u00e9rica Latina se vio sacudido por la reacci\u00f3n del actual presidente de Estados Unidos, <strong>Donald Trump<\/strong>, ante la reciente detenci\u00f3n del expresidente brasile\u00f1o <strong>Jair Bolsonaro<\/strong>. En una declaraci\u00f3n que gener\u00f3 un fuerte impacto diplom\u00e1tico y medi\u00e1tico, Trump calific\u00f3 el arresto de Bolsonaro como un hecho <strong>&#8220;muy malo&#8221;<\/strong> e inaceptable, sugiriendo una persecuci\u00f3n pol\u00edtica contra el l\u00edder de la derecha brasile\u00f1a.<\/p>\n\n\n\n<p>La toma de posici\u00f3n de Trump se produjo durante un encuentro con periodistas en la Casa Blanca, donde abord\u00f3 la situaci\u00f3n pol\u00edtica en Brasil y la detenci\u00f3n del exmandatario, ocurrida esta semana por orden del Supremo Tribunal Federal (STF) en el marco de la investigaci\u00f3n sobre su presunta participaci\u00f3n en el intento de golpe de Estado de 2023. El presidente estadounidense, un aliado ideol\u00f3gico y personal de Bolsonaro, ha utilizado calificativos duros para describir la medida judicial, aludiendo a que el proceso podr\u00eda estar motivado por <strong>intereses pol\u00edticos<\/strong> contrarios a la voluntad popular.<\/p>\n\n\n\n<p>La declaraci\u00f3n de apoyo a Bolsonaro y la cr\u00edtica impl\u00edcita al Poder Judicial brasile\u00f1o a\u00f1aden una capa de complejidad a la relaci\u00f3n bilateral entre Washington y Brasilia, en un momento en que la Casa Blanca busca fortalecer lazos con el actual gobierno. Sin embargo, en un giro que sorprendi\u00f3 a los analistas, Trump tambi\u00e9n anunci\u00f3 que planea <strong>reunirse &#8220;pronto&#8221; con el presidente brasile\u00f1o Luiz In\u00e1cio Lula da Silva<\/strong> en la capital estadounidense.<\/p>\n\n\n\n<p>Este anuncio de una pr\u00f3xima cumbre con Lula Da Silva, l\u00edder de la izquierda brasile\u00f1a y principal adversario de Bolsonaro, refleja la <strong>pragm\u00e1tica geopol\u00edtica<\/strong> que caracteriza la pol\u00edtica exterior de Trump. Si bien mantiene su apoyo a la figura de la derecha, el mandatario estadounidense parece dispuesto a avanzar en una agenda de intereses nacionales con el gobierno <em>petista<\/em> en temas clave como el comercio, el medio ambiente y la cooperaci\u00f3n regional. El desaf\u00edo diplom\u00e1tico para Washington ser\u00e1 equilibrar su ret\u00f3rica de apoyo a Bolsonaro con la necesidad de mantener una relaci\u00f3n de trabajo fluida con el Palacio del Planalto.<\/p>\n\n\n\n<p>Expertos en relaciones internacionales interpretan esta dualidad de posturas como un intento de <strong>influencia en el tablero regional<\/strong>. Al respaldar a Bolsonaro, Trump busca movilizar a sus bases ideol\u00f3gicas en el continente y mantener viva la narrativa de la derecha populista; mientras que al tender la mano a Lula, busca asegurar que las disputas internas de Brasil no interfieran con los intereses estrat\u00e9gicos de Estados Unidos en la regi\u00f3n, particularmente en foros como el G20 y las discusiones sobre la Amazon\u00eda.<\/p>\n\n\n\n<p>El encuentro entre Trump y Lula da Silva, de concretarse, ser\u00e1 crucial para definir el tono de la relaci\u00f3n bilateral en los pr\u00f3ximos a\u00f1os. Mientras la situaci\u00f3n de Bolsonaro sigue evolucionando en el plano judicial, la administraci\u00f3n estadounidense env\u00eda un mensaje de <strong>superposici\u00f3n de intereses nacionales sobre las afinidades ideol\u00f3gicas<\/strong>. Este episodio pone de manifiesto la capacidad de la pol\u00edtica exterior de la Casa Blanca para manejar narrativas contrapuestas y su disposici\u00f3n a dialogar con l\u00edderes de todo el espectro pol\u00edtico latinoamericano.<\/p>\n","protected":false},"excerpt":{"rendered":"<p>El panorama pol\u00edtico regional de Am\u00e9rica Latina se vio sacudido por la reacci\u00f3n del actual presidente de Estados Unidos, Donald Trump, ante la reciente detenci\u00f3n del expresidente brasile\u00f1o Jair Bolsonaro. En una declaraci\u00f3n que gener\u00f3 un fuerte impacto diplom\u00e1tico y medi\u00e1tico, Trump calific\u00f3 el arresto de Bolsonaro como un hecho &#8220;muy malo&#8221; e inaceptable, sugiriendo [&hellip;]<\/p>\n","protected":false},"author":2,"featured_media":14551,"comment_status":"open","ping_status":"open","sticky":false,"template":"","format":"standard","meta":{"footnotes":""},"categories":[25],"tags":[],"class_list":{"0":"post-14556","1":"post","2":"type-post","3":"status-publish","4":"format-standard","5":"has-post-thumbnail","7":"category-internacionales"},"aioseo_notices":[],"_links":{"self":[{"href":"https:\/\/lalupa24.com.ar\/index.php\/wp-json\/wp\/v2\/posts\/14556","targetHints":{"allow":["GET"]}}],"collection":[{"href":"https:\/\/lalupa24.com.ar\/index.php\/wp-json\/wp\/v2\/posts"}],"about":[{"href":"https:\/\/lalupa24.com.ar\/index.php\/wp-json\/wp\/v2\/types\/post"}],"author":[{"embeddable":true,"href":"https:\/\/lalupa24.com.ar\/index.php\/wp-json\/wp\/v2\/users\/2"}],"replies":[{"embeddable":true,"href":"https:\/\/lalupa24.com.ar\/index.php\/wp-json\/wp\/v2\/comments?post=14556"}],"version-history":[{"count":1,"href":"https:\/\/lalupa24.com.ar\/index.php\/wp-json\/wp\/v2\/posts\/14556\/revisions"}],"predecessor-version":[{"id":14557,"href":"https:\/\/lalupa24.com.ar\/index.php\/wp-json\/wp\/v2\/posts\/14556\/revisions\/14557"}],"wp:featuredmedia":[{"embeddable":true,"href":"https:\/\/lalupa24.com.ar\/index.php\/wp-json\/wp\/v2\/media\/14551"}],"wp:attachment":[{"href":"https:\/\/lalupa24.com.ar\/index.php\/wp-json\/wp\/v2\/media?parent=14556"}],"wp:term":[{"taxonomy":"category","embeddable":true,"href":"https:\/\/lalupa24.com.ar\/index.php\/wp-json\/wp\/v2\/categories?post=14556"},{"taxonomy":"post_tag","embeddable":true,"href":"https:\/\/lalupa24.com.ar\/index.php\/wp-json\/wp\/v2\/tags?post=14556"}],"curies":[{"name":"wp","href":"https:\/\/api.w.org\/{rel}","templated":true}]}}