{"id":14602,"date":"2025-11-25T12:58:58","date_gmt":"2025-11-25T15:58:58","guid":{"rendered":"https:\/\/lalupa24.com.ar\/?p=14602"},"modified":"2025-11-25T12:59:00","modified_gmt":"2025-11-25T15:59:00","slug":"gallardo-y-el-autocritico-balance-tras-la-eliminacion-el-ano-que-viene-no-podemos","status":"publish","type":"post","link":"https:\/\/lalupa24.com.ar\/index.php\/2025\/11\/25\/gallardo-y-el-autocritico-balance-tras-la-eliminacion-el-ano-que-viene-no-podemos\/","title":{"rendered":"GALLARDO Y EL AUTOCR\u00cdTICO BALANCE TRAS LA ELIMINACI\u00d3N: \u201cEL A\u00d1O QUE VIENE NO PODEMOS\u201d"},"content":{"rendered":"\n<p>El entrenador de River Plate, Marcelo Gallardo, realiz\u00f3 un profundo y autocr\u00edtico an\u00e1lisis sobre la temprana eliminaci\u00f3n de su equipo en la competencia continental, marcando un punto de inflexi\u00f3n en la temporada y sentando las bases para una reestructuraci\u00f3n ineludible. La declaraci\u00f3n, &#8220;El a\u00f1o que viene no podemos&#8221;, fue la frase central de su conferencia, evidenciando el nivel de frustraci\u00f3n por un desenlace que no estuvo a la altura de las expectativas generadas hist\u00f3ricamente por el club en este certamen.<\/p>\n\n\n\n<p>La frustraci\u00f3n del &#8220;Mu\u00f1eco&#8221; se fundamenta en la serie de fallos y la falta de solidez que el equipo mostr\u00f3 en la instancia definitoria, especialmente en la ineficacia de cara al arco rival, un problema recurrente. Gallardo explic\u00f3: &#8220;Nos haremos cargo de lo que nos corresponde a nosotros. Fue una serie dif\u00edcil. Hoy nos pusimos a tiro con el resultado, pero un fallo nos impidi\u00f3 tener esa posibilidad de pelearlo hasta el final&#8221;, asumiendo la responsabilidad del cuerpo t\u00e9cnico y defendiendo el esfuerzo de sus jugadores.<\/p>\n\n\n\n<p>Este golpe marca el fin de un ciclo reciente de altibajos, donde el equipo mostr\u00f3 destellos de su habitual supremac\u00eda pero no logr\u00f3 mantener la consistencia necesaria. El director t\u00e9cnico no dud\u00f3 en se\u00f1alar que, m\u00e1s all\u00e1 de los resultados, el rendimiento y el funcionamiento del equipo no fueron los esperados en las etapas clave, forzando la necesidad de una revisi\u00f3n profunda en la composici\u00f3n de la plantilla y la estrategia de juego.<\/p>\n\n\n\n<p>El contexto de la eliminaci\u00f3n se suma a un momento general de &#8220;negatividad futbol\u00edstica&#8221; que el propio Gallardo hab\u00eda diagnosticado en las semanas previas. Este per\u00edodo ha afectado la fluidez del equipo, haciendo que &#8220;todo cueste m\u00e1s, se haga cuesta arriba&#8221;. La autocr\u00edtica del DT es total, pero viene acompa\u00f1ada de una promesa de perseverancia: &#8220;Yo tengo que seguir tratando de estar con la cabeza serena, porque tengo que poner y sacar. Ya me conocen, no voy a claudicar hasta encontrar la vuelta&#8221;.<\/p>\n\n\n\n<p>La proyecci\u00f3n de Gallardo de cara a la pr\u00f3xima temporada es clara: la exigencia en River Plate demanda la excelencia, y la performance que condujo a la eliminaci\u00f3n resulta inaceptable para los est\u00e1ndares del club. El mensaje no es solo para el plantel, sino para toda la estructura que rodea al f\u00fatbol profesional, advirtiendo sobre la necesidad de una transformaci\u00f3n radical en las din\u00e1micas internas y la mentalidad competitiva.<\/p>\n\n\n\n<p>La eliminaci\u00f3n en el torneo continental obliga a River a centrar sus esfuerzos en las competencias dom\u00e9sticas, pero sobre todo, a iniciar una fase de reestructuraci\u00f3n profunda. El \u00e9nfasis en el &#8220;no podemos&#8221; para el pr\u00f3ximo a\u00f1o es un llamado a la acci\u00f3n para reforzar el plantel y el juego, asimilando la bronca actual como el motor para recuperar la identidad ganadora que hist\u00f3ricamente caracteriz\u00f3 al ciclo de Marcelo Gallardo.<\/p>\n","protected":false},"excerpt":{"rendered":"<p>El entrenador de River Plate, Marcelo Gallardo, realiz\u00f3 un profundo y autocr\u00edtico an\u00e1lisis sobre la temprana eliminaci\u00f3n de su equipo en la competencia continental, marcando un punto de inflexi\u00f3n en la temporada y sentando las bases para una reestructuraci\u00f3n ineludible. La declaraci\u00f3n, &#8220;El a\u00f1o que viene no podemos&#8221;, fue la frase central de su conferencia, [&hellip;]<\/p>\n","protected":false},"author":2,"featured_media":14593,"comment_status":"open","ping_status":"open","sticky":false,"template":"","format":"standard","meta":{"footnotes":""},"categories":[100],"tags":[],"class_list":{"0":"post-14602","1":"post","2":"type-post","3":"status-publish","4":"format-standard","5":"has-post-thumbnail","7":"category-deportes"},"aioseo_notices":[],"_links":{"self":[{"href":"https:\/\/lalupa24.com.ar\/index.php\/wp-json\/wp\/v2\/posts\/14602","targetHints":{"allow":["GET"]}}],"collection":[{"href":"https:\/\/lalupa24.com.ar\/index.php\/wp-json\/wp\/v2\/posts"}],"about":[{"href":"https:\/\/lalupa24.com.ar\/index.php\/wp-json\/wp\/v2\/types\/post"}],"author":[{"embeddable":true,"href":"https:\/\/lalupa24.com.ar\/index.php\/wp-json\/wp\/v2\/users\/2"}],"replies":[{"embeddable":true,"href":"https:\/\/lalupa24.com.ar\/index.php\/wp-json\/wp\/v2\/comments?post=14602"}],"version-history":[{"count":1,"href":"https:\/\/lalupa24.com.ar\/index.php\/wp-json\/wp\/v2\/posts\/14602\/revisions"}],"predecessor-version":[{"id":14603,"href":"https:\/\/lalupa24.com.ar\/index.php\/wp-json\/wp\/v2\/posts\/14602\/revisions\/14603"}],"wp:featuredmedia":[{"embeddable":true,"href":"https:\/\/lalupa24.com.ar\/index.php\/wp-json\/wp\/v2\/media\/14593"}],"wp:attachment":[{"href":"https:\/\/lalupa24.com.ar\/index.php\/wp-json\/wp\/v2\/media?parent=14602"}],"wp:term":[{"taxonomy":"category","embeddable":true,"href":"https:\/\/lalupa24.com.ar\/index.php\/wp-json\/wp\/v2\/categories?post=14602"},{"taxonomy":"post_tag","embeddable":true,"href":"https:\/\/lalupa24.com.ar\/index.php\/wp-json\/wp\/v2\/tags?post=14602"}],"curies":[{"name":"wp","href":"https:\/\/api.w.org\/{rel}","templated":true}]}}