{"id":14608,"date":"2025-11-25T13:02:08","date_gmt":"2025-11-25T16:02:08","guid":{"rendered":"https:\/\/lalupa24.com.ar\/?p=14608"},"modified":"2025-11-25T13:02:09","modified_gmt":"2025-11-25T16:02:09","slug":"reforma-laboral-el-gobierno-estudia-un-esquema-de-bandas-para-limitar-la-litigiosidad-por-indemnizaciones","status":"publish","type":"post","link":"https:\/\/lalupa24.com.ar\/index.php\/2025\/11\/25\/reforma-laboral-el-gobierno-estudia-un-esquema-de-bandas-para-limitar-la-litigiosidad-por-indemnizaciones\/","title":{"rendered":"REFORMA LABORAL: EL GOBIERNO ESTUDIA UN ESQUEMA DE BANDAS PARA LIMITAR LA LITIGIOSIDAD POR INDEMNIZACIONES"},"content":{"rendered":"\n<p>El Gobierno nacional est\u00e1 evaluando activamente la implementaci\u00f3n de un nuevo esquema para las <strong>indemnizaciones por despido sin justa causa<\/strong>, que se basar\u00eda en la fijaci\u00f3n de un sistema de <strong>&#8220;bandas&#8221;<\/strong> con valores m\u00e1ximos y m\u00ednimos. Esta propuesta busca introducir una mayor previsibilidad en el costo laboral y, fundamentalmente, reducir la alta litigiosidad que, seg\u00fan expertos, act\u00faa como un factor disuasorio para la creaci\u00f3n de empleo formal en el sector privado.<\/p>\n\n\n\n<hr class=\"wp-block-separator has-alpha-channel-opacity\"\/>\n\n\n\n<h3 class=\"wp-block-heading\">An\u00e1lisis del Nuevo Esquema de Compensaci\u00f3n<\/h3>\n\n\n\n<p>La iniciativa, impulsada por referentes del Ministerio de Capital Humano y el equipo econ\u00f3mico, plantea que las indemnizaciones dejen de ser un c\u00e1lculo abierto y se muevan dentro de un rango preestablecido. Este rango, o &#8220;banda&#8221;, se definir\u00eda probablemente en funci\u00f3n de variables como la <strong>antig\u00fcedad<\/strong> del trabajador y la <strong>base salarial<\/strong>, buscando equilibrar la protecci\u00f3n del empleado con la necesidad de acotar la incertidumbre financiera para las empresas. Actualmente, el c\u00e1lculo se basa en el mejor salario mensual, normal y habitual del \u00faltimo a\u00f1o, lo que ha generado m\u00faltiples disputas sobre qu\u00e9 \u00edtems deben incluirse.<\/p>\n\n\n\n<p>El principal objetivo de introducir estos topes o &#8220;bandas&#8221; es mitigar el impacto de la <strong>&#8220;industria del juicio laboral&#8221;<\/strong>. De acuerdo con informes del sector empresarial, la falta de una f\u00f3rmula clara y la discrecionalidad judicial en la cuantificaci\u00f3n de las indemnizaciones ha llevado a que los juicios se extiendan por a\u00f1os y deriven en montos finales que, sumados los intereses, superan con creces los c\u00e1lculos originales, generando un pasivo contingente impredecible para las pymes.<\/p>\n\n\n\n<p>Fuentes cercanas al Ministerio de Econom\u00eda sostienen que la medida se enmarca en la filosof\u00eda de <strong>desregulaci\u00f3n y simplificaci\u00f3n<\/strong> que impulsa el Gobierno. Al establecer par\u00e1metros claros, se busca desalentar la judicializaci\u00f3n de los despidos, incentivando acuerdos extrajudiciales m\u00e1s r\u00e1pidos y transparentes, lo que a su vez liberar\u00eda recursos empresariales destinados actualmente a cubrir largos litigios.<\/p>\n\n\n\n<p>Este nuevo esquema no es \u00fanico en la regi\u00f3n. Varios pa\u00edses de Latinoam\u00e9rica, como Chile y Per\u00fa, utilizan modelos con topes o <strong>limitaciones preestablecidas<\/strong> para las indemnizaciones, lo que ha demostrado una correlaci\u00f3n con una menor judicializaci\u00f3n y un ambiente m\u00e1s propicio para la inversi\u00f3n y el crecimiento del empleo. La intenci\u00f3n del Gobierno argentino es alinear la legislaci\u00f3n laboral a estas mejores pr\u00e1cticas internacionales.<\/p>\n\n\n\n<hr class=\"wp-block-separator has-alpha-channel-opacity\"\/>\n\n\n\n<h3 class=\"wp-block-heading\">El Desaf\u00edo Legislativo y la Reacci\u00f3n Sindical<\/h3>\n\n\n\n<p>La propuesta de las bandas indemnizatorias forma parte de un paquete m\u00e1s amplio de <strong>reforma laboral<\/strong> que el Gobierno buscar\u00e1 introducir, posiblemente a trav\u00e9s de un proyecto de ley \u00f3mnibus o v\u00eda Decretos de Necesidad y Urgencia (DNU) en temas espec\u00edficos. La introducci\u00f3n de cambios en la Ley de Contrato de Trabajo (LCT) ser\u00e1 un desaf\u00edo pol\u00edtico significativo, dado el fuerte rechazo que hist\u00f3ricamente manifiestan los sectores sindicales a cualquier intento de modificar a la baja los derechos indemnizatorios.<\/p>\n\n\n\n<p>El \u00e9xito de esta reforma depender\u00e1 de la capacidad del Ejecutivo para negociar con los bloques legislativos y de la respuesta de los actores sociales. La fijaci\u00f3n de bandas es una medida que podr\u00eda generar un fuerte debate constitucional sobre la intangibilidad de los derechos adquiridos. Si bien la intenci\u00f3n es promover el empleo, el sector gremial ya ha advertido que cualquier modificaci\u00f3n que implique una <strong>reducci\u00f3n de la protecci\u00f3n al trabajador<\/strong> ser\u00e1 objeto de resistencia y movilizaci\u00f3n, augurando un intenso per\u00edodo de discusiones en el \u00e1mbito pol\u00edtico y legal.<\/p>\n","protected":false},"excerpt":{"rendered":"<p>El Gobierno nacional est\u00e1 evaluando activamente la implementaci\u00f3n de un nuevo esquema para las indemnizaciones por despido sin justa causa, que se basar\u00eda en la fijaci\u00f3n de un sistema de &#8220;bandas&#8221; con valores m\u00e1ximos y m\u00ednimos. Esta propuesta busca introducir una mayor previsibilidad en el costo laboral y, fundamentalmente, reducir la alta litigiosidad que, seg\u00fan [&hellip;]<\/p>\n","protected":false},"author":2,"featured_media":14596,"comment_status":"open","ping_status":"open","sticky":false,"template":"","format":"standard","meta":{"footnotes":""},"categories":[26],"tags":[],"class_list":{"0":"post-14608","1":"post","2":"type-post","3":"status-publish","4":"format-standard","5":"has-post-thumbnail","7":"category-nacionales"},"aioseo_notices":[],"_links":{"self":[{"href":"https:\/\/lalupa24.com.ar\/index.php\/wp-json\/wp\/v2\/posts\/14608","targetHints":{"allow":["GET"]}}],"collection":[{"href":"https:\/\/lalupa24.com.ar\/index.php\/wp-json\/wp\/v2\/posts"}],"about":[{"href":"https:\/\/lalupa24.com.ar\/index.php\/wp-json\/wp\/v2\/types\/post"}],"author":[{"embeddable":true,"href":"https:\/\/lalupa24.com.ar\/index.php\/wp-json\/wp\/v2\/users\/2"}],"replies":[{"embeddable":true,"href":"https:\/\/lalupa24.com.ar\/index.php\/wp-json\/wp\/v2\/comments?post=14608"}],"version-history":[{"count":1,"href":"https:\/\/lalupa24.com.ar\/index.php\/wp-json\/wp\/v2\/posts\/14608\/revisions"}],"predecessor-version":[{"id":14609,"href":"https:\/\/lalupa24.com.ar\/index.php\/wp-json\/wp\/v2\/posts\/14608\/revisions\/14609"}],"wp:featuredmedia":[{"embeddable":true,"href":"https:\/\/lalupa24.com.ar\/index.php\/wp-json\/wp\/v2\/media\/14596"}],"wp:attachment":[{"href":"https:\/\/lalupa24.com.ar\/index.php\/wp-json\/wp\/v2\/media?parent=14608"}],"wp:term":[{"taxonomy":"category","embeddable":true,"href":"https:\/\/lalupa24.com.ar\/index.php\/wp-json\/wp\/v2\/categories?post=14608"},{"taxonomy":"post_tag","embeddable":true,"href":"https:\/\/lalupa24.com.ar\/index.php\/wp-json\/wp\/v2\/tags?post=14608"}],"curies":[{"name":"wp","href":"https:\/\/api.w.org\/{rel}","templated":true}]}}