{"id":14616,"date":"2025-11-25T13:09:11","date_gmt":"2025-11-25T16:09:11","guid":{"rendered":"https:\/\/lalupa24.com.ar\/?p=14616"},"modified":"2025-11-25T13:09:12","modified_gmt":"2025-11-25T16:09:12","slug":"la-picante-indirecta-de-cande-tinelli-en-medio-del-escandalo-con-juanita-mosca-muerta","status":"publish","type":"post","link":"https:\/\/lalupa24.com.ar\/index.php\/2025\/11\/25\/la-picante-indirecta-de-cande-tinelli-en-medio-del-escandalo-con-juanita-mosca-muerta\/","title":{"rendered":"La picante indirecta de Cande Tinelli en medio del esc\u00e1ndalo con Juanita: \u201cMosca muerta\u201d"},"content":{"rendered":"\n<p>La esfera medi\u00e1tica argentina se ha visto sacudida nuevamente por la tensi\u00f3n interna en el reconocido clan Tinelli, luego de que Candelaria &#8220;Cande&#8221; Tinelli publicara un mensaje cr\u00edptico pero sumamente directo en sus redes sociales, interpretado por el periodismo especializado como un dardo venenoso dirigido a su media hermana, Juanita Tinelli. Este episodio se produce en un momento ya delicado para la familia, reavivando el inter\u00e9s sobre las complejas din\u00e1micas y la aparente fractura que atraviesa el entorno m\u00e1s cercano del popular conductor.<\/p>\n\n\n\n<p>El detonante de la \u00faltima controversia fue el saludo de cumplea\u00f1os que Francisco Tinelli, hermano de ambas, dedic\u00f3 a Juanita a trav\u00e9s de Instagram, un gesto de apoyo que Cande eligi\u00f3 responder con una frase contundente: &#8220;Prefiero el escorpi\u00f3n venenoso a la mosca muerta&#8221;. Aunque no mencion\u00f3 nombres, el contexto en que se emiti\u00f3 el comentario, sumado a los antecedentes de distanciamiento entre las hermanas, no dej\u00f3 lugar a dudas en los programas de espect\u00e1culos y las columnas de far\u00e1ndula sobre la destinataria del mensaje.<\/p>\n\n\n\n<p>La referencia a la &#8220;mosca muerta&#8221; es un t\u00e9rmino con fuerte carga peyorativa en el habla popular, sugiriendo hipocres\u00eda o una malicia solapada, y su uso por parte de Cande, conocida por su estilo frontal y sin filtros, subraya la gravedad del conflicto. Expertos en comunicaci\u00f3n digital y figuras del medio han coincidido en se\u00f1alar que esta exposici\u00f3n p\u00fablica y agresiva de la interna familiar es inusual, incluso para una familia acostumbrada a la alta exposici\u00f3n medi\u00e1tica, elevando el esc\u00e1ndalo a un nuevo nivel de fricci\u00f3n.<\/p>\n\n\n\n<p>Este reciente enfrentamiento se enmarca en un per\u00edodo de turbulencias que comenz\u00f3 d\u00edas antes, con declaraciones de Cande que ya daban cuenta de una relaci\u00f3n pr\u00e1cticamente inexistente con Juanita. Anteriormente, la influencer hab\u00eda declarado no tener un v\u00ednculo cercano con su hermana, una afirmaci\u00f3n que sorprendi\u00f3 al p\u00fablico habituado a la imagen de una familia unida. Esta secuencia de hechos sugiere que la crisis no es un evento aislado, sino el s\u00edntoma de un quiebre profundo y posiblemente de larga data dentro de la estructura familiar.<\/p>\n\n\n\n<p>La reacci\u00f3n de Marcelo Tinelli, si bien se ha mantenido en el \u00e1mbito de los afectos p\u00fablicos y conciliatorios, se ha visto eclipsada por la virulencia del mensaje de su hija mayor. El rol del conductor, figura central del <em>show business<\/em> argentino, se encuentra en una posici\u00f3n inc\u00f3moda, observando c\u00f3mo las tensiones entre sus hijas se ventilan sin reparos en el espacio digital. Esto no solo afecta la imagen de armon\u00eda familiar, sino que tambi\u00e9n genera un impacto indirecto en sus proyectos profesionales, donde el capital simb\u00f3lico de la familia siempre ha sido un activo.<\/p>\n\n\n\n<p>El devenir de este conflicto intrafamiliar, ahora trasladado a la arena de las redes sociales, augura una prolongaci\u00f3n del drama medi\u00e1tico. La gesti\u00f3n de esta crisis por parte de sus protagonistas, y en particular la estrategia que adopte el l\u00edder del clan para contener la exposici\u00f3n, ser\u00e1 crucial para determinar si la &#8220;indirecta&#8221; de Cande queda como una an\u00e9cdota m\u00e1s de la far\u00e1ndula, o si marca un punto de no retorno en la relaci\u00f3n entre las hermanas, con potenciales ramificaciones en el ecosistema de los medios y la publicidad digital.<\/p>\n","protected":false},"excerpt":{"rendered":"<p>La esfera medi\u00e1tica argentina se ha visto sacudida nuevamente por la tensi\u00f3n interna en el reconocido clan Tinelli, luego de que Candelaria &#8220;Cande&#8221; Tinelli publicara un mensaje cr\u00edptico pero sumamente directo en sus redes sociales, interpretado por el periodismo especializado como un dardo venenoso dirigido a su media hermana, Juanita Tinelli. Este episodio se produce [&hellip;]<\/p>\n","protected":false},"author":2,"featured_media":14618,"comment_status":"open","ping_status":"open","sticky":false,"template":"","format":"standard","meta":{"footnotes":""},"categories":[26],"tags":[],"class_list":{"0":"post-14616","1":"post","2":"type-post","3":"status-publish","4":"format-standard","5":"has-post-thumbnail","7":"category-nacionales"},"aioseo_notices":[],"_links":{"self":[{"href":"https:\/\/lalupa24.com.ar\/index.php\/wp-json\/wp\/v2\/posts\/14616","targetHints":{"allow":["GET"]}}],"collection":[{"href":"https:\/\/lalupa24.com.ar\/index.php\/wp-json\/wp\/v2\/posts"}],"about":[{"href":"https:\/\/lalupa24.com.ar\/index.php\/wp-json\/wp\/v2\/types\/post"}],"author":[{"embeddable":true,"href":"https:\/\/lalupa24.com.ar\/index.php\/wp-json\/wp\/v2\/users\/2"}],"replies":[{"embeddable":true,"href":"https:\/\/lalupa24.com.ar\/index.php\/wp-json\/wp\/v2\/comments?post=14616"}],"version-history":[{"count":1,"href":"https:\/\/lalupa24.com.ar\/index.php\/wp-json\/wp\/v2\/posts\/14616\/revisions"}],"predecessor-version":[{"id":14620,"href":"https:\/\/lalupa24.com.ar\/index.php\/wp-json\/wp\/v2\/posts\/14616\/revisions\/14620"}],"wp:featuredmedia":[{"embeddable":true,"href":"https:\/\/lalupa24.com.ar\/index.php\/wp-json\/wp\/v2\/media\/14618"}],"wp:attachment":[{"href":"https:\/\/lalupa24.com.ar\/index.php\/wp-json\/wp\/v2\/media?parent=14616"}],"wp:term":[{"taxonomy":"category","embeddable":true,"href":"https:\/\/lalupa24.com.ar\/index.php\/wp-json\/wp\/v2\/categories?post=14616"},{"taxonomy":"post_tag","embeddable":true,"href":"https:\/\/lalupa24.com.ar\/index.php\/wp-json\/wp\/v2\/tags?post=14616"}],"curies":[{"name":"wp","href":"https:\/\/api.w.org\/{rel}","templated":true}]}}