{"id":14621,"date":"2025-11-25T13:10:05","date_gmt":"2025-11-25T16:10:05","guid":{"rendered":"https:\/\/lalupa24.com.ar\/?p=14621"},"modified":"2025-11-25T13:10:06","modified_gmt":"2025-11-25T16:10:06","slug":"alerta-epidemiologica-en-entre-rios-por-posible-exposicion-a-sarampion-en-transporte-publico","status":"publish","type":"post","link":"https:\/\/lalupa24.com.ar\/index.php\/2025\/11\/25\/alerta-epidemiologica-en-entre-rios-por-posible-exposicion-a-sarampion-en-transporte-publico\/","title":{"rendered":"ALERTA EPIDEMIOL\u00d3GICA EN ENTRE R\u00cdOS POR POSIBLE EXPOSICI\u00d3N A SARAMPI\u00d3N EN TRANSPORTE P\u00daBLICO"},"content":{"rendered":"\n<p>El Ministerio de Salud de la provincia de Entre R\u00edos ha emitido una alerta epidemiol\u00f3gica que moviliza a la cartera sanitaria, tras confirmarse una posible exposici\u00f3n al virus del sarampi\u00f3n de pasajeros que viajaron en un \u00f3mnibus de larga distancia. La advertencia, de car\u00e1cter preventivo, se dirige espec\u00edficamente a quienes estuvieron a bordo de una unidad de la empresa San Jos\u00e9 S.R.L. que cubri\u00f3 el tramo Retiro-Federaci\u00f3n el pasado 15 de noviembre.<\/p>\n\n\n\n<p>Esta r\u00e1pida reacci\u00f3n de las autoridades provinciales se desencadena luego de la confirmaci\u00f3n de cuatro casos de sarampi\u00f3n en ciudadanos uruguayos que, seg\u00fan el seguimiento epidemiol\u00f3gico, habr\u00edan utilizado el mismo medio de transporte en su ruta hacia Uruguay, cruzando el paso fronterizo Col\u00f3n-Paysand\u00fa al d\u00eda siguiente. Si bien hasta el momento no se ha detectado ning\u00fan caso sospechoso ni confirmado en Entre R\u00edos, la alta contagiosidad del sarampi\u00f3n justifica el protocolo de vigilancia intensificada.<\/p>\n\n\n\n<p><strong>MEDIDAS PREVENTIVAS Y PROTOCOLOS DE VIGILANCIA<\/strong><\/p>\n\n\n\n<p>El sarampi\u00f3n, una enfermedad viral altamente contagiosa, puede permanecer activo en el aire o sobre superficies hasta por dos horas, incluso despu\u00e9s de que la persona infectada haya abandonado el lugar. Por esta raz\u00f3n, la cartera sanitaria provincial, en sinton\u00eda con las recomendaciones nacionales, insta a los pasajeros del \u00f3mnibus en cuesti\u00f3n a monitorear activamente la aparici\u00f3n de s\u00edntomas, que incluyen fiebre alta, erupci\u00f3n cut\u00e1nea (exantema), tos, secreci\u00f3n nasal y conjuntivitis.<\/p>\n\n\n\n<p>Las recomendaciones oficiales son claras: ante la manifestaci\u00f3n de cualquiera de estos signos, los viajeros deben dirigirse de inmediato al centro de salud m\u00e1s cercano, con la indicaci\u00f3n expresa de utilizar barbijo y evitar el contacto con otras personas en salas de espera, para prevenir cualquier cadena de transmisi\u00f3n. Paralelamente, se ha reforzado la importancia de la vacunaci\u00f3n, siendo esta la herramienta de salud p\u00fablica m\u00e1s eficaz para prevenir la enfermedad y sus graves complicaciones.<\/p>\n\n\n\n<p>La emisi\u00f3n de esta alerta se enmarca en un contexto de incremento global y regional de casos de sarampi\u00f3n. De acuerdo con informes recientes, la Regi\u00f3n de las Am\u00e9ricas ha perdido su estatus de regi\u00f3n libre de transmisi\u00f3n end\u00e9mica, registrando miles de casos confirmados en el \u00faltimo a\u00f1o. Esta situaci\u00f3n impone una presi\u00f3n adicional sobre los sistemas de vigilancia epidemiol\u00f3gica de Argentina, especialmente en zonas de tr\u00e1nsito internacional como Entre R\u00edos.<\/p>\n\n\n\n<p>Para la poblaci\u00f3n en general, el Ministerio de Salud provincial reitera la necesidad de revisar y completar los esquemas de vacunaci\u00f3n. El Calendario Nacional establece una dosis para ni\u00f1os de 12 meses a 4 a\u00f1os, y dos dosis de vacuna triple o doble viral a partir de los 5 a\u00f1os y para adultos. Las personas nacidas antes de 1965 son consideradas inmunes. La clave para evitar la reintroducci\u00f3n del virus en la provincia reside en la alta cobertura vacunal.<\/p>\n","protected":false},"excerpt":{"rendered":"<p>El Ministerio de Salud de la provincia de Entre R\u00edos ha emitido una alerta epidemiol\u00f3gica que moviliza a la cartera sanitaria, tras confirmarse una posible exposici\u00f3n al virus del sarampi\u00f3n de pasajeros que viajaron en un \u00f3mnibus de larga distancia. La advertencia, de car\u00e1cter preventivo, se dirige espec\u00edficamente a quienes estuvieron a bordo de una [&hellip;]<\/p>\n","protected":false},"author":2,"featured_media":14619,"comment_status":"open","ping_status":"open","sticky":false,"template":"","format":"standard","meta":{"footnotes":""},"categories":[26],"tags":[],"class_list":{"0":"post-14621","1":"post","2":"type-post","3":"status-publish","4":"format-standard","5":"has-post-thumbnail","7":"category-nacionales"},"aioseo_notices":[],"_links":{"self":[{"href":"https:\/\/lalupa24.com.ar\/index.php\/wp-json\/wp\/v2\/posts\/14621","targetHints":{"allow":["GET"]}}],"collection":[{"href":"https:\/\/lalupa24.com.ar\/index.php\/wp-json\/wp\/v2\/posts"}],"about":[{"href":"https:\/\/lalupa24.com.ar\/index.php\/wp-json\/wp\/v2\/types\/post"}],"author":[{"embeddable":true,"href":"https:\/\/lalupa24.com.ar\/index.php\/wp-json\/wp\/v2\/users\/2"}],"replies":[{"embeddable":true,"href":"https:\/\/lalupa24.com.ar\/index.php\/wp-json\/wp\/v2\/comments?post=14621"}],"version-history":[{"count":1,"href":"https:\/\/lalupa24.com.ar\/index.php\/wp-json\/wp\/v2\/posts\/14621\/revisions"}],"predecessor-version":[{"id":14622,"href":"https:\/\/lalupa24.com.ar\/index.php\/wp-json\/wp\/v2\/posts\/14621\/revisions\/14622"}],"wp:featuredmedia":[{"embeddable":true,"href":"https:\/\/lalupa24.com.ar\/index.php\/wp-json\/wp\/v2\/media\/14619"}],"wp:attachment":[{"href":"https:\/\/lalupa24.com.ar\/index.php\/wp-json\/wp\/v2\/media?parent=14621"}],"wp:term":[{"taxonomy":"category","embeddable":true,"href":"https:\/\/lalupa24.com.ar\/index.php\/wp-json\/wp\/v2\/categories?post=14621"},{"taxonomy":"post_tag","embeddable":true,"href":"https:\/\/lalupa24.com.ar\/index.php\/wp-json\/wp\/v2\/tags?post=14621"}],"curies":[{"name":"wp","href":"https:\/\/api.w.org\/{rel}","templated":true}]}}