{"id":14625,"date":"2025-11-25T13:12:27","date_gmt":"2025-11-25T16:12:27","guid":{"rendered":"https:\/\/lalupa24.com.ar\/?p=14625"},"modified":"2025-11-25T13:12:29","modified_gmt":"2025-11-25T16:12:29","slug":"volco-un-micro-que-viajaba-a-mar-del-plata-para-un-acto-que-iba-a-cerrar-kicillof-dos-muertos-y-multiples-heridos","status":"publish","type":"post","link":"https:\/\/lalupa24.com.ar\/index.php\/2025\/11\/25\/volco-un-micro-que-viajaba-a-mar-del-plata-para-un-acto-que-iba-a-cerrar-kicillof-dos-muertos-y-multiples-heridos\/","title":{"rendered":"Volc\u00f3 un micro que viajaba a Mar del Plata para un acto que iba a cerrar Kicillof: dos muertos y m\u00faltiples heridos"},"content":{"rendered":"\n<h2 class=\"wp-block-heading\">El accidente ocurri\u00f3 a la altura de la localidad de General Pir\u00e1n. En el lugar trabajan equipos de emergencias, personal de seguridad vial de AUBASA y bomberos voluntarios de la zona. Los hospitales de la regi\u00f3n permanecen alerta. El gobernador suspendi\u00f3 el evento previsto<\/h2>\n\n\n\n<p><\/p>\n\n\n\n<h2 class=\"wp-block-heading\">\ud83d\udc94 TRAGEDIA EN RUTA 2: DOS MUERTOS Y M\u00daLTIPLES HERIDOS EN VUELCO DE MICRO RUMBO A MAR DEL PLATA<\/h2>\n\n\n\n<p>Un grave siniestro vial sacudi\u00f3 esta ma\u00f1ana la Ruta Provincial N\u00b0 2, a la altura del kil\u00f3metro 325, cerca de General Pir\u00e1n, en el partido de Mar Chiquita. Un micro de larga distancia, que transportaba 56 pasajeros desde la zona oeste del Gran Buenos Aires con destino a Mar del Plata, <strong>volc\u00f3 sobre el cantero central de la autov\u00eda<\/strong>, dejando un saldo preliminar de dos personas fallecidas, ambas mujeres, y al menos 44 heridos, de los cuales varios se encuentran en estado de gravedad. El incidente ha provocado una intensa movilizaci\u00f3n de los servicios de emergencia y ha puesto el foco en la seguridad vial en una de las rutas m\u00e1s transitadas del pa\u00eds.<\/p>\n\n\n\n<p>El colectivo, perteneciente a la empresa de turismo New Bus, despist\u00f3 y volc\u00f3 en la curva al salir a la traza, seg\u00fan los primeros reportes. Inmediatamente se despleg\u00f3 un vasto operativo de rescate que incluy\u00f3 a Bomberos Voluntarios de General Pir\u00e1n y Coronel Vidal, personal del SAME, Polic\u00eda Vial y efectivos de Autopistas de Buenos Aires (AUBASA). Las escenas en el lugar fueron descriptas como dram\u00e1ticas, con pasajeros atrapados y heridos que requirieron asistencia inmediata en la calzada.<\/p>\n\n\n\n<p><strong>INVESTIGACI\u00d3N JUDICIAL Y DETENCI\u00d3N DEL CONDUCTOR<\/strong><\/p>\n\n\n\n<p>La investigaci\u00f3n judicial del tr\u00e1gico hecho qued\u00f3 a cargo del fiscal de Delitos Culposos N\u00b011 de Mar del Plata, Germ\u00e1n Vera Tapia. Por orden de la Fiscal\u00eda, el chofer que se encontraba al volante de la unidad fue aprehendido bajo la car\u00e1tula de <strong>&#8220;homicidio culposo, agravado por la conducci\u00f3n de un veh\u00edculo con motor y calificado por m\u00e1s de una muerte&#8221;<\/strong>. Si bien el test de alcoholemia realizado <em>in situ<\/em> arroj\u00f3 resultado negativo, se solicit\u00f3 la extracci\u00f3n de sangre para un an\u00e1lisis toxicol\u00f3gico m\u00e1s exhaustivo, como parte del protocolo de investigaci\u00f3n.<\/p>\n\n\n\n<p>Los primeros testimonios de pasajeros ilesos recabados por el fiscal Tapia indicaron que no notaron que el micro circulara a una velocidad excesiva o que tuviera un manejo inestable, se\u00f1alando que <strong>&#8220;no se dieron cuenta hasta que empez\u00f3 la ca\u00edda&#8221;<\/strong>. No obstante, las pericias de Polic\u00eda Cient\u00edfica y de Seguridad Vial son cruciales para determinar la trayectoria exacta del veh\u00edculo y las causas t\u00e9cnicas o humanas que pudieron haber desencadenado la p\u00e9rdida de control en el kil\u00f3metro 325.<\/p>\n\n\n\n<p>Los heridos fueron trasladados a distintos centros de salud de la regi\u00f3n para su atenci\u00f3n. Los reportes indican que 28 personas fueron derivadas al hospital de General Pir\u00e1n, 12 al de Coronel Vidal y, al menos, cuatro pasajeros con heridas de mayor complejidad fueron trasladados al Hospital Interzonal General de Agudos (HIGA) de Mar del Plata. Este despliegue de recursos sanitarios refleja la magnitud del impacto y la necesidad de priorizar la atenci\u00f3n de los casos m\u00e1s cr\u00edticos.<\/p>\n\n\n\n<p>Cabe se\u00f1alar que los pasajeros del micro se dirig\u00edan a Mar del Plata para participar en el 1\u00b0 Encuentro Internacional de H\u00e1bitat Popular, un evento organizado por el Organismo Provincial de Integraci\u00f3n Social y Urbana (OPISU) que contar\u00eda con la presencia del gobernador Axel Kicillof. Debido a la tragedia, el evento fue <strong>suspendido oficialmente<\/strong> por el Gobierno de la provincia de Buenos Aires. Este contexto a\u00f1ade una dimensi\u00f3n institucional al siniestro, aunque las autoridades han aclarado que el transporte se trataba de un servicio contratado particularmente y no de un veh\u00edculo oficial.<\/p>\n\n\n\n<p>La Ruta 2, un corredor vital para el turismo en la Costa Atl\u00e1ntica, vuelve a ser protagonista de un siniestro fatal. Este evento reaviva la discusi\u00f3n sobre los controles de tr\u00e1nsito, la habilitaci\u00f3n de veh\u00edculos de turismo y la necesidad de una infraestructura vial que pueda mitigar las consecuencias de los despistes. La resoluci\u00f3n de la causa judicial, junto a los peritajes t\u00e9cnicos en curso, ser\u00e1 fundamental para establecer responsabilidades y, a futuro, buscar medidas preventivas que refuercen la seguridad en el transporte de pasajeros.<\/p>\n\n\n\n<p><a href=\"https:\/\/profile.google.com\/cp\/CgsvbS8wMTI1aDVmaA\" target=\"_blank\" rel=\"noreferrer noopener\"><\/a><\/p>\n\n\n\n<p><\/p>\n","protected":false},"excerpt":{"rendered":"<p>El accidente ocurri\u00f3 a la altura de la localidad de General Pir\u00e1n. En el lugar trabajan equipos de emergencias, personal de seguridad vial de AUBASA y bomberos voluntarios de la zona. Los hospitales de la regi\u00f3n permanecen alerta. El gobernador suspendi\u00f3 el evento previsto \ud83d\udc94 TRAGEDIA EN RUTA 2: DOS MUERTOS Y M\u00daLTIPLES HERIDOS EN [&hellip;]<\/p>\n","protected":false},"author":2,"featured_media":14626,"comment_status":"open","ping_status":"open","sticky":false,"template":"","format":"standard","meta":{"footnotes":""},"categories":[26],"tags":[],"class_list":{"0":"post-14625","1":"post","2":"type-post","3":"status-publish","4":"format-standard","5":"has-post-thumbnail","7":"category-nacionales"},"aioseo_notices":[],"_links":{"self":[{"href":"https:\/\/lalupa24.com.ar\/index.php\/wp-json\/wp\/v2\/posts\/14625","targetHints":{"allow":["GET"]}}],"collection":[{"href":"https:\/\/lalupa24.com.ar\/index.php\/wp-json\/wp\/v2\/posts"}],"about":[{"href":"https:\/\/lalupa24.com.ar\/index.php\/wp-json\/wp\/v2\/types\/post"}],"author":[{"embeddable":true,"href":"https:\/\/lalupa24.com.ar\/index.php\/wp-json\/wp\/v2\/users\/2"}],"replies":[{"embeddable":true,"href":"https:\/\/lalupa24.com.ar\/index.php\/wp-json\/wp\/v2\/comments?post=14625"}],"version-history":[{"count":1,"href":"https:\/\/lalupa24.com.ar\/index.php\/wp-json\/wp\/v2\/posts\/14625\/revisions"}],"predecessor-version":[{"id":14627,"href":"https:\/\/lalupa24.com.ar\/index.php\/wp-json\/wp\/v2\/posts\/14625\/revisions\/14627"}],"wp:featuredmedia":[{"embeddable":true,"href":"https:\/\/lalupa24.com.ar\/index.php\/wp-json\/wp\/v2\/media\/14626"}],"wp:attachment":[{"href":"https:\/\/lalupa24.com.ar\/index.php\/wp-json\/wp\/v2\/media?parent=14625"}],"wp:term":[{"taxonomy":"category","embeddable":true,"href":"https:\/\/lalupa24.com.ar\/index.php\/wp-json\/wp\/v2\/categories?post=14625"},{"taxonomy":"post_tag","embeddable":true,"href":"https:\/\/lalupa24.com.ar\/index.php\/wp-json\/wp\/v2\/tags?post=14625"}],"curies":[{"name":"wp","href":"https:\/\/api.w.org\/{rel}","templated":true}]}}