{"id":14633,"date":"2025-11-25T13:17:23","date_gmt":"2025-11-25T16:17:23","guid":{"rendered":"https:\/\/lalupa24.com.ar\/?p=14633"},"modified":"2025-11-25T13:31:09","modified_gmt":"2025-11-25T16:31:09","slug":"defensa-industrial-bajo-presion-fabrica-essen-despide-a-mas-de-30-empleados-ante-caida-del-consumo-y-avance-de-importaciones","status":"publish","type":"post","link":"https:\/\/lalupa24.com.ar\/index.php\/2025\/11\/25\/defensa-industrial-bajo-presion-fabrica-essen-despide-a-mas-de-30-empleados-ante-caida-del-consumo-y-avance-de-importaciones\/","title":{"rendered":"DEFENSA INDUSTRIAL BAJO PRESI\u00d3N: F\u00c1BRICA ESSEN DESPIDE A M\u00c1S DE 30 EMPLEADOS ANTE CA\u00cdDA DEL CONSUMO Y AVANCE DE IMPORTACIONES"},"content":{"rendered":"\n<p>La emblem\u00e1tica f\u00e1brica de ollas y sartenes Essen, considerada un s\u00edmbolo de la industria metal\u00fargica de la provincia de Santa Fe, ha anunciado el despido de m\u00e1s de 30 trabajadores de su planta en Venado Tuerto. La medida, que impacta aproximadamente al 10% de la plantilla, se produce en un escenario de profunda retracci\u00f3n del consumo interno y una creciente apertura a la importaci\u00f3n de productos terminados, una combinaci\u00f3n de factores que ha puesto en jaque la sostenibilidad de los procesos de producci\u00f3n nacional.<\/p>\n\n\n\n<p>La compa\u00f1\u00eda, reconocida por su sistema de comercializaci\u00f3n directa y la alta calidad de sus productos, argument\u00f3 que la decisi\u00f3n de reducci\u00f3n de personal es una respuesta necesaria a la marcada <strong>ca\u00edda de la demanda en el mercado dom\u00e9stico<\/strong> en los \u00faltimos meses. Sin embargo, la Uni\u00f3n Obrera Metal\u00fargica (UOM) de Venado Tuerto, gremio que representa a los trabajadores, ha se\u00f1alado una preocupaci\u00f3n adicional: la decisi\u00f3n estrat\u00e9gica de la empresa de reemplazar cerca del 45% de su producci\u00f3n local con componentes o productos semiterminados importados, principalmente desde China.<\/p>\n\n\n\n<p><strong>LA RELACI\u00d3N INVERSA ENTRE PRODUCCI\u00d3N E IMPORTACI\u00d3N<\/strong><\/p>\n\n\n\n<p>Para el sindicato metal\u00fargico, representado por el secretario general de la seccional, Diego Olave, la coyuntura econ\u00f3mica actual est\u00e1 incentivando a las empresas a modificar su modelo de negocio, priorizando la importaci\u00f3n por sobre la producci\u00f3n local. El gremio sostiene que la combinaci\u00f3n de un tipo de cambio que facilita el ingreso de productos extranjeros y el colapso del consumo interno hace que sea <strong>&#8220;m\u00e1s barato importar que producir ac\u00e1&#8221;<\/strong>, un fen\u00f3meno que amenaza la base fabril del sur santafesino.<\/p>\n\n\n\n<p>Este cambio en el <em>mix<\/em> productivo y comercial de Essen no es un caso aislado, sino que se inscribe en una crisis m\u00e1s amplia que golpea al sector metal\u00fargico argentino. Informes recientes indican una fuerte ca\u00edda en la actividad industrial y una utilizaci\u00f3n de la capacidad instalada en niveles hist\u00f3ricamente bajos, comparables a los registrados durante el periodo de pandemia. La industria enfrenta la dif\u00edcil tarea de competir con productos importados a bajo costo que saturan el mercado en un contexto de poder adquisitivo debilitado.<\/p>\n\n\n\n<p>El ajuste de Essen ha afectado tanto a personal de planta permanente como a trabajadores con contratos eventuales a quienes no se les renov\u00f3 el v\u00ednculo, generando una fuerte incertidumbre en la comunidad de Venado Tuerto, un polo metal\u00fargico clave. El gremio ha advertido que otras empresas de la regi\u00f3n, como la autopartista Corven, tambi\u00e9n estar\u00edan analizando medidas de ajuste similares, anticipando un posible efecto domin\u00f3 que podr\u00eda intensificar la p\u00e9rdida de puestos de trabajo calificados en el cord\u00f3n industrial.<\/p>\n\n\n\n<p>La situaci\u00f3n de Essen se convierte as\u00ed en un claro indicador de la tensi\u00f3n econ\u00f3mica que atraviesa la Argentina, donde la apertura comercial, si bien puede ofrecer alternativas de precio al consumidor, plantea un dilema existencial para la industria manufacturera nacional. La disyuntiva entre sostener el empleo y la cadena de valor local o recurrir a la importaci\u00f3n para mantener la rentabilidad, en un contexto de ca\u00edda de ventas, requiere de una pol\u00edtica industrial macroecon\u00f3mica que a\u00fan no logra amortiguar estos impactos sectoriales.<\/p>\n","protected":false},"excerpt":{"rendered":"<p>La emblem\u00e1tica f\u00e1brica de ollas y sartenes Essen, considerada un s\u00edmbolo de la industria metal\u00fargica de la provincia de Santa Fe, ha anunciado el despido de m\u00e1s de 30 trabajadores de su planta en Venado Tuerto. La medida, que impacta aproximadamente al 10% de la plantilla, se produce en un escenario de profunda retracci\u00f3n del [&hellip;]<\/p>\n","protected":false},"author":2,"featured_media":14630,"comment_status":"open","ping_status":"open","sticky":false,"template":"","format":"standard","meta":{"footnotes":""},"categories":[24],"tags":[],"class_list":{"0":"post-14633","1":"post","2":"type-post","3":"status-publish","4":"format-standard","5":"has-post-thumbnail","7":"category-economia"},"aioseo_notices":[],"_links":{"self":[{"href":"https:\/\/lalupa24.com.ar\/index.php\/wp-json\/wp\/v2\/posts\/14633","targetHints":{"allow":["GET"]}}],"collection":[{"href":"https:\/\/lalupa24.com.ar\/index.php\/wp-json\/wp\/v2\/posts"}],"about":[{"href":"https:\/\/lalupa24.com.ar\/index.php\/wp-json\/wp\/v2\/types\/post"}],"author":[{"embeddable":true,"href":"https:\/\/lalupa24.com.ar\/index.php\/wp-json\/wp\/v2\/users\/2"}],"replies":[{"embeddable":true,"href":"https:\/\/lalupa24.com.ar\/index.php\/wp-json\/wp\/v2\/comments?post=14633"}],"version-history":[{"count":1,"href":"https:\/\/lalupa24.com.ar\/index.php\/wp-json\/wp\/v2\/posts\/14633\/revisions"}],"predecessor-version":[{"id":14634,"href":"https:\/\/lalupa24.com.ar\/index.php\/wp-json\/wp\/v2\/posts\/14633\/revisions\/14634"}],"wp:featuredmedia":[{"embeddable":true,"href":"https:\/\/lalupa24.com.ar\/index.php\/wp-json\/wp\/v2\/media\/14630"}],"wp:attachment":[{"href":"https:\/\/lalupa24.com.ar\/index.php\/wp-json\/wp\/v2\/media?parent=14633"}],"wp:term":[{"taxonomy":"category","embeddable":true,"href":"https:\/\/lalupa24.com.ar\/index.php\/wp-json\/wp\/v2\/categories?post=14633"},{"taxonomy":"post_tag","embeddable":true,"href":"https:\/\/lalupa24.com.ar\/index.php\/wp-json\/wp\/v2\/tags?post=14633"}],"curies":[{"name":"wp","href":"https:\/\/api.w.org\/{rel}","templated":true}]}}