{"id":14698,"date":"2025-11-25T12:03:03","date_gmt":"2025-11-25T15:03:03","guid":{"rendered":"https:\/\/lalupa24.com.ar\/?p=14698"},"modified":"2025-11-27T12:05:00","modified_gmt":"2025-11-27T15:05:00","slug":"operativo-provincial-de-inscripcion-al-subsidio-energetico-nacional","status":"publish","type":"post","link":"https:\/\/lalupa24.com.ar\/index.php\/2025\/11\/25\/operativo-provincial-de-inscripcion-al-subsidio-energetico-nacional\/","title":{"rendered":"Operativo provincial de inscripci\u00f3n al subsidio energ\u00e9tico nacional"},"content":{"rendered":"\n<p>Hoy comenz\u00f3 en Pampa del Infierno y ma\u00f1ana, se realizar\u00e1 en Margarita Bel\u00e9n. El jueves, el operativo llegar\u00e1 a Juan J. Castelli y el viernes estar\u00e1 en Villa \u00c1ngela y en Santa Sylvina.<\/p>\n\n\n\n<p>El Gobierno del Chaco, a trav\u00e9s de la Secretar\u00eda de Asuntos Estrat\u00e9gicos junto a la empresa Secheep y a los equipos de \u00d1achec, continuar\u00e1 esta semana con el Operativo Provincial de Inscripci\u00f3n al Subsidio Energ\u00e9tico Nacional, una iniciativa destinada a facilitar el tr\u00e1mite a los usuarios que a\u00fan no completaron el registro.<br>Los equipos t\u00e9cnicos tienen programado estar en diversas localidades para garantizar que m\u00e1s chaque\u00f1os puedan acceder al beneficio.<br>Este operativo acerca atenci\u00f3n personalizada para realizar la inscripci\u00f3n, actualizar datos y resolver consultas vinculadas al procedimiento. La atenci\u00f3n ser\u00e1 por orden de llegada, de 8:30 a 12:00 horas.<\/p>\n\n\n\n<p><strong>CRONOGRAMA DE ESTA SEMANA:<\/strong><br>-Hoy martes 25 ya se puso en marcha en Pampa del Infierno, en el SUM Municipal.<br>-Ma\u00f1ana mi\u00e9rcoles 26, el operativo estar\u00e1 en&nbsp;<br>Margarita Bel\u00e9n, Club San Mart\u00edn.&nbsp;<br>-Jueves 27<br>En Juan Jos\u00e9 Castelli, en el sal\u00f3n Gabriela Mistral \u2013 Asociaci\u00f3n Mutual 25 de Mayo s\/n.&nbsp;<br>-Viernes 28<br>En Villa \u00c1ngela, en el Centro de Jubilados San Cayetano y<br>-En Santa Sylvina \u2013 SUM Municipal.&nbsp;<\/p>\n\n\n\n<p>Este despliegue forma parte del compromiso del Gobierno provincial de garantizar igualdad de acceso a los programas nacionales, especialmente para quienes residen en ciudades del interior o tienen dificultades para completar el tr\u00e1mite de manera digital<\/p>\n","protected":false},"excerpt":{"rendered":"<p>Hoy comenz\u00f3 en Pampa del Infierno y ma\u00f1ana, se realizar\u00e1 en Margarita Bel\u00e9n. El jueves, el operativo llegar\u00e1 a Juan J. Castelli y el viernes estar\u00e1 en Villa \u00c1ngela y en Santa Sylvina. El Gobierno del Chaco, a trav\u00e9s de la Secretar\u00eda de Asuntos Estrat\u00e9gicos junto a la empresa Secheep y a los equipos de [&hellip;]<\/p>\n","protected":false},"author":2,"featured_media":14699,"comment_status":"open","ping_status":"open","sticky":false,"template":"","format":"standard","meta":{"footnotes":""},"categories":[28],"tags":[],"class_list":{"0":"post-14698","1":"post","2":"type-post","3":"status-publish","4":"format-standard","5":"has-post-thumbnail","7":"category-locales"},"aioseo_notices":[],"_links":{"self":[{"href":"https:\/\/lalupa24.com.ar\/index.php\/wp-json\/wp\/v2\/posts\/14698","targetHints":{"allow":["GET"]}}],"collection":[{"href":"https:\/\/lalupa24.com.ar\/index.php\/wp-json\/wp\/v2\/posts"}],"about":[{"href":"https:\/\/lalupa24.com.ar\/index.php\/wp-json\/wp\/v2\/types\/post"}],"author":[{"embeddable":true,"href":"https:\/\/lalupa24.com.ar\/index.php\/wp-json\/wp\/v2\/users\/2"}],"replies":[{"embeddable":true,"href":"https:\/\/lalupa24.com.ar\/index.php\/wp-json\/wp\/v2\/comments?post=14698"}],"version-history":[{"count":1,"href":"https:\/\/lalupa24.com.ar\/index.php\/wp-json\/wp\/v2\/posts\/14698\/revisions"}],"predecessor-version":[{"id":14700,"href":"https:\/\/lalupa24.com.ar\/index.php\/wp-json\/wp\/v2\/posts\/14698\/revisions\/14700"}],"wp:featuredmedia":[{"embeddable":true,"href":"https:\/\/lalupa24.com.ar\/index.php\/wp-json\/wp\/v2\/media\/14699"}],"wp:attachment":[{"href":"https:\/\/lalupa24.com.ar\/index.php\/wp-json\/wp\/v2\/media?parent=14698"}],"wp:term":[{"taxonomy":"category","embeddable":true,"href":"https:\/\/lalupa24.com.ar\/index.php\/wp-json\/wp\/v2\/categories?post=14698"},{"taxonomy":"post_tag","embeddable":true,"href":"https:\/\/lalupa24.com.ar\/index.php\/wp-json\/wp\/v2\/tags?post=14698"}],"curies":[{"name":"wp","href":"https:\/\/api.w.org\/{rel}","templated":true}]}}